{"id":33266,"date":"2016-12-11T15:46:57","date_gmt":"2016-12-11T15:46:57","guid":{"rendered":"http:\/\/plazajuarez.mx\/index\/index.php\/2016\/12\/11\/dos-nuevos-camiones-recolectores-de-basura\/"},"modified":"2016-12-11T15:46:57","modified_gmt":"2016-12-11T15:46:57","slug":"dos-nuevos-camiones-recolectores-de-basura","status":"publish","type":"post","link":"https:\/\/plazajuarez.mx\/historico\/dos-nuevos-camiones-recolectores-de-basura\/","title":{"rendered":"Dos nuevos camiones recolectores de basura"},"content":{"rendered":"<p>Apan<br \/>La Alcaldesa asegur\u00f3 que, en corto tiempo, existe la posibilidad de adquirir m\u00e1s unidades para este servicio, y con ello se espera que esta problem\u00e1tica se abata, si no al cien por ciento, s\u00ed en un gran porcentaje.<\/p>\n<p>  <!--more-->  <\/p>\n<p>Con la adquisici\u00f3n de dos nuevos camiones para el \u00e1rea de Servicios Generales, la Presidencia Municipal incrementa su parque vehicular, para la recolecci\u00f3n de basura.<\/p>\n<p>Esto gracias a las gestiones realizadas por la alcaldesa, Mar\u00eda Antonia de los \u00c1ngeles Anaya, con una empresa privada, con la que se firm\u00f3 un contrato indefinido.<\/p>\n<p>Durante la entrega de los dos camiones acondicionados para la recolecci\u00f3n de basura, la Presidenta Municipal dijo que poco a poco se seguir\u00e1 dando soluci\u00f3n a la falta de unidades.<\/p>\n<p>Anaya Ortega coment\u00f3 que anteriormente s\u00f3lo se contaba con dos camiones para esta actividad, para darle servicio a las 32 comunidades y rancher\u00edas adem\u00e1s de las diversas colonias de la cabecera municipal. Asegur\u00f3 que la compra\u00a0 se gestion\u00f3 desde los primeros d\u00edas de la Administraci\u00f3n, ya que durante las audiencias ciudadanas realizadas en todo el municipio era recurrente la queja de la ciudadan\u00eda, de que no exist\u00eda un plan de recolecci\u00f3n semanal, el monto destinado a esta acci\u00f3n fue aprobado por unanimidad en pleno\u00a0 de la Asamblea Municipal.<\/p>\n<p>Jos\u00e9 Benito Ram\u00edrez Vargas, titular del \u00c1rea de Servicios Generales del Municipio, dijo que para el pr\u00f3ximo a\u00f1o, se har\u00e1 un plan de recolecci\u00f3n nocturno para que este servicio, sea m\u00e1s eficiente, considerando que la gente trabaja por la ma\u00f1ana y es dif\u00edcil estar presentes cuando pasa el cami\u00f3n recolector. <\/p>\n<p>Este plan contempla dar\u00a0 a conocer mediante diferentes medios de comunicaci\u00f3n las rutas de los camiones recolectores as\u00ed como sus respectivos horarios, con la finalidad de que la ciudadan\u00eda est\u00e9 enterada de los d\u00edas y horarios en que deber\u00e1 dejar la basura afuera de su casa.<\/p>\n","protected":false},"excerpt":{"rendered":"<p>ApanLa Alcaldesa asegur\u00f3 que, en corto tiempo, existe la posibilidad de adquirir m\u00e1s unidades para este servicio, y con ello se espera que esta problem\u00e1tica se abata, si no al cien por ciento, s\u00ed en un gran porcentaje.<\/p>\n","protected":false},"author":93,"featured_media":0,"comment_status":"open","ping_status":"open","sticky":false,"template":"","format":"standard","meta":{"footnotes":""},"categories":[40],"tags":[],"class_list":["post-33266","post","type-post","status-publish","format-standard","hentry","category-region"],"_links":{"self":[{"href":"https:\/\/plazajuarez.mx\/historico\/wp-json\/wp\/v2\/posts\/33266","targetHints":{"allow":["GET"]}}],"collection":[{"href":"https:\/\/plazajuarez.mx\/historico\/wp-json\/wp\/v2\/posts"}],"about":[{"href":"https:\/\/plazajuarez.mx\/historico\/wp-json\/wp\/v2\/types\/post"}],"author":[{"embeddable":true,"href":"https:\/\/plazajuarez.mx\/historico\/wp-json\/wp\/v2\/users\/93"}],"replies":[{"embeddable":true,"href":"https:\/\/plazajuarez.mx\/historico\/wp-json\/wp\/v2\/comments?post=33266"}],"version-history":[{"count":0,"href":"https:\/\/plazajuarez.mx\/historico\/wp-json\/wp\/v2\/posts\/33266\/revisions"}],"wp:attachment":[{"href":"https:\/\/plazajuarez.mx\/historico\/wp-json\/wp\/v2\/media?parent=33266"}],"wp:term":[{"taxonomy":"category","embeddable":true,"href":"https:\/\/plazajuarez.mx\/historico\/wp-json\/wp\/v2\/categories?post=33266"},{"taxonomy":"post_tag","embeddable":true,"href":"https:\/\/plazajuarez.mx\/historico\/wp-json\/wp\/v2\/tags?post=33266"}],"curies":[{"name":"wp","href":"https:\/\/api.w.org\/{rel}","templated":true}]}}