{"id":33265,"date":"2016-12-11T15:46:27","date_gmt":"2016-12-11T15:46:27","guid":{"rendered":"http:\/\/plazajuarez.mx\/index\/index.php\/2016\/12\/11\/dif-ilumina-tu-comunidad-un-programa-que-alegrara-esta-epoca-navidena\/"},"modified":"2016-12-11T15:46:27","modified_gmt":"2016-12-11T15:46:27","slug":"dif-ilumina-tu-comunidad-un-programa-que-alegrara-esta-epoca-navidena","status":"publish","type":"post","link":"https:\/\/plazajuarez.mx\/historico\/dif-ilumina-tu-comunidad-un-programa-que-alegrara-esta-epoca-navidena\/","title":{"rendered":"\u201cDIF ilumina tu comunidad\u201d\u2026 un programa que alegrar\u00e1 esta \u00e9poca navide\u00f1a"},"content":{"rendered":"<p>Tizayuca <\/p>\n<p>Personajes infantiles les llevar\u00e1n sorpresas a los ni\u00f1os de diferentes comunidades<\/p>\n<p>  <!--more-->  <\/p>\n<p>El Sistema Municipal para el Desarrollo Integral de la Familia (DIF), ya comenz\u00f3 con el programa navide\u00f1o \u201cDIF ilumina tu comunidad\u201d, en el que se har\u00e1n recorridos por las comunidades del municipio.<br \/>Juana Garc\u00eda Rojas, directora del DIF Tizayuca, encabez\u00f3 las actividades y dijo que los recorridos son para los ni\u00f1os de Tizayuca y las familias, para que puedan disfrutar de momentos de alegr\u00eda y sobre todo en estas fechas tan especiales de convivencia familiar.<br \/>Se llevan diversos personajes infantiles como Santa Claus, Mickey Mouse, Minnie Mouse, La Bestia, con los que los ni\u00f1os conviven, se toman la foto,\u00a0 adem\u00e1s de que les obsequian los tradicionales aguinaldos. <br \/>En el barrio del Pedregal hicieron el primer recorrido; continu\u00f3 por la comunidad de La Legua y Tepojaco, donde los vecinos han participado en pre-posadas. <br \/>Juana Garc\u00eda Rojas, explic\u00f3 que estas actividades continuar\u00e1n todos los d\u00edas hasta el pr\u00f3ximo 22 de diciembre, fecha en la que se llevar\u00e1 a cabo la mega posada navide\u00f1a 2016, en la explanada municipal, en la que se tienen previstas grandes sorpresas.<br \/>La titular del DIF municipal adelant\u00f3 que para la mega posada, los asistentes podr\u00e1n disfrutar de un programa recreativo con una obra musical, pi\u00f1atas, ponche y los aguinaldos.<br \/>La Funcionaria municipal coment\u00f3 que para el alcalde, Gabriel Garc\u00eda Rojas, y para ella, la atenci\u00f3n a las ni\u00f1as y ni\u00f1os es una prioridad, ya que se busca que ellos conserven sus sue\u00f1os, alimenten sus ilusiones, pero sobre todo que tengan una ni\u00f1ez hermosa que pueda perdurar en sus recuerdos.<br \/>Finalmente, mencion\u00f3 que la uni\u00f3n de las familias es algo primordial para mantener la cohesi\u00f3n social, lograr la felicidad y sobre todo el pleno desarrollo de ni\u00f1os, adolescentes y j\u00f3venes.<\/p>\n","protected":false},"excerpt":{"rendered":"<p>Tizayuca Personajes infantiles les llevar\u00e1n sorpresas a los ni\u00f1os de diferentes comunidades<\/p>\n","protected":false},"author":93,"featured_media":0,"comment_status":"open","ping_status":"open","sticky":false,"template":"","format":"standard","meta":{"footnotes":""},"categories":[40],"tags":[],"class_list":["post-33265","post","type-post","status-publish","format-standard","hentry","category-region"],"_links":{"self":[{"href":"https:\/\/plazajuarez.mx\/historico\/wp-json\/wp\/v2\/posts\/33265","targetHints":{"allow":["GET"]}}],"collection":[{"href":"https:\/\/plazajuarez.mx\/historico\/wp-json\/wp\/v2\/posts"}],"about":[{"href":"https:\/\/plazajuarez.mx\/historico\/wp-json\/wp\/v2\/types\/post"}],"author":[{"embeddable":true,"href":"https:\/\/plazajuarez.mx\/historico\/wp-json\/wp\/v2\/users\/93"}],"replies":[{"embeddable":true,"href":"https:\/\/plazajuarez.mx\/historico\/wp-json\/wp\/v2\/comments?post=33265"}],"version-history":[{"count":0,"href":"https:\/\/plazajuarez.mx\/historico\/wp-json\/wp\/v2\/posts\/33265\/revisions"}],"wp:attachment":[{"href":"https:\/\/plazajuarez.mx\/historico\/wp-json\/wp\/v2\/media?parent=33265"}],"wp:term":[{"taxonomy":"category","embeddable":true,"href":"https:\/\/plazajuarez.mx\/historico\/wp-json\/wp\/v2\/categories?post=33265"},{"taxonomy":"post_tag","embeddable":true,"href":"https:\/\/plazajuarez.mx\/historico\/wp-json\/wp\/v2\/tags?post=33265"}],"curies":[{"name":"wp","href":"https:\/\/api.w.org\/{rel}","templated":true}]}}