{"id":33264,"date":"2016-12-11T15:48:09","date_gmt":"2016-12-11T15:48:09","guid":{"rendered":"http:\/\/plazajuarez.mx\/index\/index.php\/2016\/12\/11\/hombre-de-la-tercera-edad-decide-quitarse-la-vida\/"},"modified":"2016-12-11T15:48:09","modified_gmt":"2016-12-11T15:48:09","slug":"hombre-de-la-tercera-edad-decide-quitarse-la-vida","status":"publish","type":"post","link":"https:\/\/plazajuarez.mx\/historico\/hombre-de-la-tercera-edad-decide-quitarse-la-vida\/","title":{"rendered":"Hombre de la Tercera Edad decide quitarse la vida"},"content":{"rendered":"<p>Tezontepec de Aldama<\/p>\n<p>  <!--more-->  <\/p>\n<p>Un viejecito se quit\u00f3 la vida ahorc\u00e1ndose, tras atar una cuerda del mezquite del patio de su casa en la comunidad de Panuaya. <br \/>Al lugar arribaron param\u00e9dicos de Protecci\u00f3n Civil, pero ya nada pudieron hacer para salvarle la vida.<br \/>Los hechos se registraron la ma\u00f1ana del viernes en la calle Melchor Ocampo de la mencionada localidad. Polic\u00edas que acudieron al lugar dijeron que recibieron el reporte de que una persona de 79 a\u00f1os, quien respond\u00eda al nombre de Camilo \u201cC\u201d, se hab\u00eda quitado la vida.<br \/>Para dar fe de los hechos arribaron agentes investigadores y agentes del Ministerio P\u00fablico quienes luego de dar inicio a la carpeta de investigaci\u00f3n ordenaron el levantamiento del cuerpo para que fuera llevado al Servicio M\u00e9dico Forense y m\u00e1s tarde entregar los restos a sus familiares.<\/p>\n","protected":false},"excerpt":{"rendered":"<p>Tezontepec de Aldama<\/p>\n","protected":false},"author":93,"featured_media":0,"comment_status":"open","ping_status":"open","sticky":false,"template":"","format":"standard","meta":{"footnotes":""},"categories":[40],"tags":[],"class_list":["post-33264","post","type-post","status-publish","format-standard","hentry","category-region"],"_links":{"self":[{"href":"https:\/\/plazajuarez.mx\/historico\/wp-json\/wp\/v2\/posts\/33264","targetHints":{"allow":["GET"]}}],"collection":[{"href":"https:\/\/plazajuarez.mx\/historico\/wp-json\/wp\/v2\/posts"}],"about":[{"href":"https:\/\/plazajuarez.mx\/historico\/wp-json\/wp\/v2\/types\/post"}],"author":[{"embeddable":true,"href":"https:\/\/plazajuarez.mx\/historico\/wp-json\/wp\/v2\/users\/93"}],"replies":[{"embeddable":true,"href":"https:\/\/plazajuarez.mx\/historico\/wp-json\/wp\/v2\/comments?post=33264"}],"version-history":[{"count":0,"href":"https:\/\/plazajuarez.mx\/historico\/wp-json\/wp\/v2\/posts\/33264\/revisions"}],"wp:attachment":[{"href":"https:\/\/plazajuarez.mx\/historico\/wp-json\/wp\/v2\/media?parent=33264"}],"wp:term":[{"taxonomy":"category","embeddable":true,"href":"https:\/\/plazajuarez.mx\/historico\/wp-json\/wp\/v2\/categories?post=33264"},{"taxonomy":"post_tag","embeddable":true,"href":"https:\/\/plazajuarez.mx\/historico\/wp-json\/wp\/v2\/tags?post=33264"}],"curies":[{"name":"wp","href":"https:\/\/api.w.org\/{rel}","templated":true}]}}