{"id":33183,"date":"2016-12-09T19:33:58","date_gmt":"2016-12-09T19:33:58","guid":{"rendered":"http:\/\/plazajuarez.mx\/index\/index.php\/2016\/12\/09\/designan-encargada-de-despacho-de-fiscalia-de-quintana-roo\/"},"modified":"2016-12-09T19:33:58","modified_gmt":"2016-12-09T19:33:58","slug":"designan-encargada-de-despacho-de-fiscalia-de-quintana-roo","status":"publish","type":"post","link":"https:\/\/plazajuarez.mx\/historico\/designan-encargada-de-despacho-de-fiscalia-de-quintana-roo\/","title":{"rendered":"Designan encargada de despacho de Fiscal\u00eda de Quintana Roo"},"content":{"rendered":"<p class=\"MsoNormal\" style=\"text-align: justify;\">Roxana Lili Campos Miranda ser\u00e1 la encargada del despacho de la Fiscal\u00eda General del Estado en Quintana Roo (FGE) ante la renuncia este viernes del titular de esta dependencia, Carlos Arturo \u00c1lvarez Escalera.<\/p>\n<p>  <!--more-->  <\/p>\n<p class=\"MsoNormal\" style=\"text-align: justify;\">A trav\u00e9s de un comunicado, la dependencia confirm\u00f3 que a partir de hoy 9 de diciembre de 2016, la maestra en Derecho Roxana Lili Campos, estar\u00e1 como encargada de despacho, en sustituci\u00f3n de Carlos Arturo \u00c1lvarez Escalera, quien present\u00f3 su renuncia al cargo.<\/p>\n<p class=\"MsoNormal\" style=\"text-align: justify;\">Campos Miranda, es maestra en derecho con maestr\u00eda en derecho penal y empresarial, con diplomados en criminal\u00edstica y pruebas periciales. Ha fungido como Visitadora General de la Comisi\u00f3n de Derechos Humanos del Estado, Coordinadora Regional de Ministerios P\u00fablicos en la Riviera Maya, notario p\u00fablico suplente, catedr\u00e1tica en la Universidad de Quintana Roo, Consejera Jur\u00eddica del Poder Ejecutivo del Estado, y actualmente, vice Fiscal General de la FGE.<\/p>\n<p class=\"MsoNormal\" style=\"text-align: justify;\">Asume dicha titularidad temporal en tanto el Congreso del estado realiza el procedimiento para la designaci\u00f3n del Fiscal General de Quintana Roo como lo marca la Constituci\u00f3n Pol\u00edtica del estado.<\/p>\n<p class=\"MsoNormal\" style=\"text-align: justify;\">El l\u00edder del Congreso de Quintana Roo, Eduardo Mart\u00ednez Arcila, confirm\u00f3 que el pr\u00f3ximo este lunes 12 de diciembre, estar\u00e1 emitiendo la convocatoria que marcar\u00e1 el inicio del proceso para la designaci\u00f3n de quien ocupar\u00e1 el cargo de Fiscal General del Estado.<\/p>\n<p style=\"text-align: justify;\">\u00a0<\/p>\n<p class=\"MsoNormal\" style=\"text-align: justify;\">Roxana Lili Campos Miranda particip\u00f3 como enlace en el equipo de transici\u00f3n del actual gobernador Carlos Joaqu\u00edn Gonz\u00e1lez, en el \u00e1rea de seguridad p\u00fablica, gobernanza y con la Fiscal\u00eda General del Estado.<\/p>\n","protected":false},"excerpt":{"rendered":"<p>Roxana Lili Campos Miranda ser\u00e1 la encargada del despacho de la Fiscal\u00eda General del Estado en Quintana Roo (FGE) ante la renuncia este viernes del titular de esta dependencia, Carlos Arturo \u00c1lvarez Escalera.<\/p>\n","protected":false},"author":6,"featured_media":0,"comment_status":"open","ping_status":"open","sticky":false,"template":"","format":"standard","meta":{"footnotes":""},"categories":[36],"tags":[],"class_list":["post-33183","post","type-post","status-publish","format-standard","hentry","category-nacion"],"_links":{"self":[{"href":"https:\/\/plazajuarez.mx\/historico\/wp-json\/wp\/v2\/posts\/33183","targetHints":{"allow":["GET"]}}],"collection":[{"href":"https:\/\/plazajuarez.mx\/historico\/wp-json\/wp\/v2\/posts"}],"about":[{"href":"https:\/\/plazajuarez.mx\/historico\/wp-json\/wp\/v2\/types\/post"}],"author":[{"embeddable":true,"href":"https:\/\/plazajuarez.mx\/historico\/wp-json\/wp\/v2\/users\/6"}],"replies":[{"embeddable":true,"href":"https:\/\/plazajuarez.mx\/historico\/wp-json\/wp\/v2\/comments?post=33183"}],"version-history":[{"count":0,"href":"https:\/\/plazajuarez.mx\/historico\/wp-json\/wp\/v2\/posts\/33183\/revisions"}],"wp:attachment":[{"href":"https:\/\/plazajuarez.mx\/historico\/wp-json\/wp\/v2\/media?parent=33183"}],"wp:term":[{"taxonomy":"category","embeddable":true,"href":"https:\/\/plazajuarez.mx\/historico\/wp-json\/wp\/v2\/categories?post=33183"},{"taxonomy":"post_tag","embeddable":true,"href":"https:\/\/plazajuarez.mx\/historico\/wp-json\/wp\/v2\/tags?post=33183"}],"curies":[{"name":"wp","href":"https:\/\/api.w.org\/{rel}","templated":true}]}}