{"id":33182,"date":"2016-12-09T18:27:40","date_gmt":"2016-12-09T18:27:40","guid":{"rendered":"http:\/\/plazajuarez.mx\/index\/index.php\/2016\/12\/09\/impulsan-acciones-contra-la-violencia-de-genero\/"},"modified":"2016-12-09T18:27:40","modified_gmt":"2016-12-09T18:27:40","slug":"impulsan-acciones-contra-la-violencia-de-genero","status":"publish","type":"post","link":"https:\/\/plazajuarez.mx\/historico\/impulsan-acciones-contra-la-violencia-de-genero\/","title":{"rendered":"Impulsan acciones contra la violencia de g\u00e9nero"},"content":{"rendered":"<p style=\"text-align: justify;\">Como parte de la campa\u00f1a internacional \u201c16 d\u00edas de activismo contra la violencia de g\u00e9nero\u201d, el Gobernador Omar Fayad Meneses encabez\u00f3 el \u201cReto del maniqu\u00ed\u201d (Mannequin Challenge) que organiz\u00f3 la Secretar\u00eda de Finanzas y Administraci\u00f3n, para promover entre los trabajadores del Gobierno Estatal y la ciudadan\u00eda en general,\u00a0 la lucha contra \u00e9ste tipo de violencia.<\/p>\n<p>  <!--more-->  <\/p>\n<p style=\"text-align: justify;\">Antes, la titular de la Secretar\u00eda de Finanzas y Administraci\u00f3n, Delia Jessica Blancas Hidalgo, ratific\u00f3 a Gisela Altamira Gama como titular de la Unidad de Equidad de G\u00e9nero de la dependencia, adem\u00e1s de realizar nombramientos de enlaces al interior de la misma.<\/p>\n<p style=\"text-align: justify;\">Al respecto, Blancas Hidalgo manifest\u00f3 que el gobierno de Omar Fayad atiende con compromiso social la equidad de g\u00e9nero, motivando con acciones diarias el liderazgo y participaci\u00f3n de las mujeres en la esfera p\u00fablica e impulsando garant\u00edas equitativas y justas.<\/p>\n<p style=\"text-align: justify;\">Asimismo, convoc\u00f3 a mujeres y hombres a hacer un cambio verdadero para eliminar la violencia hacia las mujeres.<\/p>\n<p style=\"text-align: justify;\">Por su parte, Altamira Gama explic\u00f3 que la Plataforma para la Formaci\u00f3n en Perspectiva de G\u00e9nero cuenta con 20 mil 781 usuarios registrados que corresponden a las dependencias del Poder Ejecutivo y Organismos Descentralizados.<\/p>\n<p style=\"text-align: justify;\">Inform\u00f3 que adem\u00e1s cuenta con 33 mil 133 evaluaciones registradas, de las cuales 29 mil 615 son consideradas satisfactorias.<\/p>\n<p class=\"MsoNormal\" style=\"text-align: justify;\">La Plataforma para la Formaci\u00f3n en Perspectiva de G\u00e9nero se encuentra como propuesta destacada para el galard\u00f3n \u201cTIC para Prevenir y Erradicar la Violencia contra las Mujeres\u201d que otorga la Organizaci\u00f3n de los Estados Americanos.<\/p>\n<p style=\"text-align: justify;\">\u00a0<\/p>\n<p class=\"MsoNormal\" style=\"text-align: justify;\"><span style=\"font-size: 10.0pt; font-family: 'Graphik Regular','sans-serif'; mso-ansi-language: ES-MX;\">\u00a0<\/span><\/p>\n","protected":false},"excerpt":{"rendered":"<p>Como parte de la campa\u00f1a internacional \u201c16 d\u00edas de activismo contra la violencia de g\u00e9nero\u201d, el Gobernador Omar Fayad Meneses encabez\u00f3 el \u201cReto del maniqu\u00ed\u201d (Mannequin Challenge) que organiz\u00f3 la Secretar\u00eda de Finanzas y Administraci\u00f3n, para promover entre los trabajadores del Gobierno Estatal y la ciudadan\u00eda en general,\u00a0 la lucha contra \u00e9ste tipo de violencia.<\/p>\n","protected":false},"author":6,"featured_media":0,"comment_status":"open","ping_status":"open","sticky":false,"template":"","format":"standard","meta":{"footnotes":""},"categories":[59],"tags":[],"class_list":["post-33182","post","type-post","status-publish","format-standard","hentry","category-general"],"_links":{"self":[{"href":"https:\/\/plazajuarez.mx\/historico\/wp-json\/wp\/v2\/posts\/33182","targetHints":{"allow":["GET"]}}],"collection":[{"href":"https:\/\/plazajuarez.mx\/historico\/wp-json\/wp\/v2\/posts"}],"about":[{"href":"https:\/\/plazajuarez.mx\/historico\/wp-json\/wp\/v2\/types\/post"}],"author":[{"embeddable":true,"href":"https:\/\/plazajuarez.mx\/historico\/wp-json\/wp\/v2\/users\/6"}],"replies":[{"embeddable":true,"href":"https:\/\/plazajuarez.mx\/historico\/wp-json\/wp\/v2\/comments?post=33182"}],"version-history":[{"count":0,"href":"https:\/\/plazajuarez.mx\/historico\/wp-json\/wp\/v2\/posts\/33182\/revisions"}],"wp:attachment":[{"href":"https:\/\/plazajuarez.mx\/historico\/wp-json\/wp\/v2\/media?parent=33182"}],"wp:term":[{"taxonomy":"category","embeddable":true,"href":"https:\/\/plazajuarez.mx\/historico\/wp-json\/wp\/v2\/categories?post=33182"},{"taxonomy":"post_tag","embeddable":true,"href":"https:\/\/plazajuarez.mx\/historico\/wp-json\/wp\/v2\/tags?post=33182"}],"curies":[{"name":"wp","href":"https:\/\/api.w.org\/{rel}","templated":true}]}}