{"id":3304,"date":"2015-04-06T05:00:00","date_gmt":"2015-04-06T05:00:00","guid":{"rendered":"http:\/\/plazajuarez.mx\/index\/index.php\/2015\/04\/06\/cambios-climaticos-extremos-exigen-mayor-auto-cuidado-de-la-salud-advierte-medico-del-imss\/"},"modified":"2015-04-06T05:00:00","modified_gmt":"2015-04-06T05:00:00","slug":"cambios-climaticos-extremos-exigen-mayor-auto-cuidado-de-la-salud-advierte-medico-del-imss","status":"publish","type":"post","link":"https:\/\/plazajuarez.mx\/historico\/cambios-climaticos-extremos-exigen-mayor-auto-cuidado-de-la-salud-advierte-medico-del-imss\/","title":{"rendered":"Cambios clim\u00e1ticos extremos exigen mayor auto  cuidado de la salud: advierte m\u00e9dico del IMSS"},"content":{"rendered":"<ul>\n<li>El cambio clim\u00e1tico influye en la salud de la poblaci\u00f3n y en el comportamiento de las enfermedades\u00a0<\/li>\n<\/ul>\n<ul>\n<li>Padecimientos como las diarreas, la malnutrici\u00f3n y el dengue, son muy sensibles al clima <!--more--> \u00a0<\/li>\n<\/ul>\n<p>Las alteraciones que presenta el clima, como lluvias at\u00edpicas y el aumento de la temperatura que se prev\u00e9 para la temporada de calor respecto a a\u00f1os anteriores, proyecta un panorama de afectaciones diversas en la salud de la poblaci\u00f3n, se\u00f1al\u00f3 la doctora del Instituto Mexicano del Seguro Social (IMSS) Hidalgo, Elvira Elvia Escobar Beristain.<\/p>\n<p>\u00a0<\/p>\n<p>La coordinadora auxiliar de Salud P\u00fablica en la Delegaci\u00f3n Hidalgo del Seguro Social, mencion\u00f3 que fen\u00f3menos como la presencia de fuertes lluvias y granizadas en esta \u00e9poca del a\u00f1o, son factores que alteran la presencia los padecimientos que se al igual que el clima, se adelantan, retrasan o prolongan a su comportamiento habitual.<\/p>\n<p>\u00a0<\/p>\n<p>Dichas alteraciones generar\u00e1n, dijo, que las temperaturas extremas del aire contribuyan directamente a las defunciones por enfermedades cardiovasculares y respiratorias, sobre todo entre las personas de edad avanzada como ya ha ocurrido en algunos pa\u00edses de Europa.<\/p>\n<p>\u00a0<\/p>\n<p>Los niveles de ozono, polen y otros al\u00e9rgenos en el aire tambi\u00e9n son mayores en caso de calor extremo, lo que puede provocar asma, por lo que se prev\u00e9 que el aumento de las temperaturas que se est\u00e1 produciendo aumentar\u00e1 el n\u00famero de casos de dicho padecimiento.<\/p>\n<p>\u00a0<\/p>\n<p>En el caso de las precipitaciones pluviales at\u00edpicas, se\u00f1al\u00f3 que pueden derivar en inundaciones que provocan la contaminaci\u00f3n de las fuentes de agua potable, incrementando el riesgo de enfermedades transmitidas por el agua y dando lugar a criaderos de insectos portadores de enfermedades, como los mosquitos.<\/p>\n<p>\u00a0<\/p>\n<p>Los cambios del clima generan que se prolonguen las estaciones de importantes enfermedades transmitidas por vectores y alteren su distribuci\u00f3n geogr\u00e1fica. Por ejemplo, la presencia de los mosquitos del g\u00e9nero Aedes, vector del dengue, los cuales son muy sensibles a las condiciones clim\u00e1ticas, as\u00ed como las diarreas y la malnutrici\u00f3n.<\/p>\n<p>\u00a0<\/p>\n<p>Por esta raz\u00f3n, la doctora Elvira Escobar invit\u00f3 a no bajar los brazos en materia del cuidado de la salud, en especial con ni\u00f1os y personas de la tercera edad, pero en general, indic\u00f3, todos deben adoptar medidas de protecci\u00f3n correspondientes ya no a la estaci\u00f3n en la que nos encontremos, sino a las exigencias de esta modificaci\u00f3n clim\u00e1tica actual.<\/p>\n","protected":false},"excerpt":{"rendered":"<p>El cambio clim\u00e1tico influye en la salud de la poblaci\u00f3n y en el comportamiento de las enfermedades\u00a0 Padecimientos como las diarreas, la malnutrici\u00f3n y el dengue, son muy sensibles al clima<\/p>\n","protected":false},"author":93,"featured_media":0,"comment_status":"open","ping_status":"open","sticky":false,"template":"","format":"standard","meta":{"footnotes":""},"categories":[59],"tags":[],"class_list":["post-3304","post","type-post","status-publish","format-standard","hentry","category-general"],"_links":{"self":[{"href":"https:\/\/plazajuarez.mx\/historico\/wp-json\/wp\/v2\/posts\/3304","targetHints":{"allow":["GET"]}}],"collection":[{"href":"https:\/\/plazajuarez.mx\/historico\/wp-json\/wp\/v2\/posts"}],"about":[{"href":"https:\/\/plazajuarez.mx\/historico\/wp-json\/wp\/v2\/types\/post"}],"author":[{"embeddable":true,"href":"https:\/\/plazajuarez.mx\/historico\/wp-json\/wp\/v2\/users\/93"}],"replies":[{"embeddable":true,"href":"https:\/\/plazajuarez.mx\/historico\/wp-json\/wp\/v2\/comments?post=3304"}],"version-history":[{"count":0,"href":"https:\/\/plazajuarez.mx\/historico\/wp-json\/wp\/v2\/posts\/3304\/revisions"}],"wp:attachment":[{"href":"https:\/\/plazajuarez.mx\/historico\/wp-json\/wp\/v2\/media?parent=3304"}],"wp:term":[{"taxonomy":"category","embeddable":true,"href":"https:\/\/plazajuarez.mx\/historico\/wp-json\/wp\/v2\/categories?post=3304"},{"taxonomy":"post_tag","embeddable":true,"href":"https:\/\/plazajuarez.mx\/historico\/wp-json\/wp\/v2\/tags?post=3304"}],"curies":[{"name":"wp","href":"https:\/\/api.w.org\/{rel}","templated":true}]}}