{"id":3303,"date":"2015-04-05T06:00:00","date_gmt":"2015-04-05T06:00:00","guid":{"rendered":"http:\/\/plazajuarez.mx\/index\/index.php\/2015\/04\/05\/inehrm-presenta-exposicion-las-victorias-del-constitucionalismo\/"},"modified":"2015-04-05T06:00:00","modified_gmt":"2015-04-05T06:00:00","slug":"inehrm-presenta-exposicion-las-victorias-del-constitucionalismo","status":"publish","type":"post","link":"https:\/\/plazajuarez.mx\/historico\/inehrm-presenta-exposicion-las-victorias-del-constitucionalismo\/","title":{"rendered":"INEHRM presenta exposici\u00f3n \u201cLas victorias del Constitucionalismo\u2026\u201d"},"content":{"rendered":"<p>El Instituto Nacional de Estudios Hist\u00f3ricos de las Revoluciones de M\u00e9xico (INEHRM) expondr\u00e1 durante el mes de abril la exposici\u00f3n \u201cLas victorias del Constitucionalismo. A cien a\u00f1os de las batallas de Celaya\u201d.<\/p>\n<p>  <!--more-->  <\/p>\n<p>En un comunicado, el recinto dio a conocer que a trav\u00e9s de 10 mamparas, el visitante podr\u00e1 hacer un recorrido por los diferentes momentos del conflicto entre el primer jefe del Ej\u00e9rcito Constitucionalista, Venustiano Carranza, y el general Francisco Villa, de la Divisi\u00f3n del Norte. <br \/>As\u00ed, 1915 se inici\u00f3 con una disputa abierta, que s\u00f3lo podr\u00eda saldarse en los campos de batalla, acot\u00f3. <br \/>En sus or\u00edgenes, el Instituto Nacional de Estudios Hist\u00f3ricos de las Revoluciones de M\u00e9xico tuvo como misi\u00f3n sustantiva el rescate de testimonios, documentos hist\u00f3ricos, material gr\u00e1fico, audiovisual y sonoro sobre la Revoluci\u00f3n Mexicana. Asimismo, adquiri\u00f3 la responsabilidad de fungir como \u00f3rgano de consulta en materia de historia nacional y emprendi\u00f3 la tarea de difundir el conocimiento del proceso transformador que dio origen al M\u00e9xico del siglo XX, mediante la organizaci\u00f3n de cursos y conferencias y la publicaci\u00f3n de libros.<\/p>\n","protected":false},"excerpt":{"rendered":"<p>El Instituto Nacional de Estudios Hist\u00f3ricos de las Revoluciones de M\u00e9xico (INEHRM) expondr\u00e1 durante el mes de abril la exposici\u00f3n \u201cLas victorias del Constitucionalismo. A cien a\u00f1os de las batallas de Celaya\u201d.<\/p>\n","protected":false},"author":93,"featured_media":0,"comment_status":"open","ping_status":"open","sticky":false,"template":"","format":"standard","meta":{"footnotes":""},"categories":[41],"tags":[],"class_list":["post-3303","post","type-post","status-publish","format-standard","hentry","category-arteria-cultural"],"_links":{"self":[{"href":"https:\/\/plazajuarez.mx\/historico\/wp-json\/wp\/v2\/posts\/3303","targetHints":{"allow":["GET"]}}],"collection":[{"href":"https:\/\/plazajuarez.mx\/historico\/wp-json\/wp\/v2\/posts"}],"about":[{"href":"https:\/\/plazajuarez.mx\/historico\/wp-json\/wp\/v2\/types\/post"}],"author":[{"embeddable":true,"href":"https:\/\/plazajuarez.mx\/historico\/wp-json\/wp\/v2\/users\/93"}],"replies":[{"embeddable":true,"href":"https:\/\/plazajuarez.mx\/historico\/wp-json\/wp\/v2\/comments?post=3303"}],"version-history":[{"count":0,"href":"https:\/\/plazajuarez.mx\/historico\/wp-json\/wp\/v2\/posts\/3303\/revisions"}],"wp:attachment":[{"href":"https:\/\/plazajuarez.mx\/historico\/wp-json\/wp\/v2\/media?parent=3303"}],"wp:term":[{"taxonomy":"category","embeddable":true,"href":"https:\/\/plazajuarez.mx\/historico\/wp-json\/wp\/v2\/categories?post=3303"},{"taxonomy":"post_tag","embeddable":true,"href":"https:\/\/plazajuarez.mx\/historico\/wp-json\/wp\/v2\/tags?post=3303"}],"curies":[{"name":"wp","href":"https:\/\/api.w.org\/{rel}","templated":true}]}}