{"id":3302,"date":"2015-04-05T06:00:00","date_gmt":"2015-04-05T06:00:00","guid":{"rendered":"http:\/\/plazajuarez.mx\/index\/index.php\/2015\/04\/05\/filme-de-violencia-domestica-busca-a-grupos-vulnerables\/"},"modified":"2015-04-05T06:00:00","modified_gmt":"2015-04-05T06:00:00","slug":"filme-de-violencia-domestica-busca-a-grupos-vulnerables","status":"publish","type":"post","link":"https:\/\/plazajuarez.mx\/historico\/filme-de-violencia-domestica-busca-a-grupos-vulnerables\/","title":{"rendered":"Filme de violencia dom\u00e9stica busca a grupos vulnerables"},"content":{"rendered":"<p>A Luc\u00eda Gaj\u00e1 lo que m\u00e1s le interesa una vez terminado su documental Batallas \u00edntimas, es que este ruede entre grupos de mujeres para entender la problem\u00e1tica de la violencia intrafamiliar, que parece normal.<\/p>\n<p>  <!--more-->  <\/p>\n<p>El material, que se encuentra en proceso de edici\u00f3n, mostrar\u00e1 casos de cinco pa\u00edses levantados en los \u00faltimos a\u00f1os: Espa\u00f1a, Estados Unidos, Finlandia, India y M\u00e9xico. <br \/>La realizadora es conocida en el medio por su largometraje Mi vida adentro, que ense\u00f1aba el caso de una migrante mexicana acusada de asesinato, pero a quien a\u00fan sin pruebas, la condenaron a prisi\u00f3n. <br \/>\u201cSon cinco mujeres que cuentan su historia de violencia dom\u00e9stica, lo que queremos es mostrar que aunque son cinco pa\u00edses, la realidad es que se trata de un mismo problema\u201d, comenta Gaj\u00e1. <br \/>\u201cEl p\u00fablico que nos interesa, m\u00e1s all\u00e1 de festivales y corrida comercial que por supuesto queremos, son esos grupos de mujeres a las que debe decirse lo que pasa y no est\u00e1 bien, ya estamos en pl\u00e1ticas para ver qu\u00e9 puede hacerse\u201d, revela. <br \/>El caso de la India, recuerda, estuvo a punto de caerse por la situaci\u00f3n del pa\u00eds, pero fueron auxiliados por una organizaci\u00f3n que ayuda a mujeres. <br \/>\u201cEstamos ya en un corte cercano, pero bueno, nos ha costado porque ten\u00edamos muchas horas de material y todo el a\u00f1o pasado lo estuvimos calificando, seleccionando qu\u00e9 pod\u00eda servirnos\u201d, expresa. <br \/>Batallas \u00edntimas, que comenz\u00f3 en 2012, cuenta con el apoyo del Foprocine, fondo creado para la realizaci\u00f3n de cintas consideradas de autor y arte. <br \/>Es producida por Rodrigo Herranz (Pastorela).<\/p>\n","protected":false},"excerpt":{"rendered":"<p>A Luc\u00eda Gaj\u00e1 lo que m\u00e1s le interesa una vez terminado su documental Batallas \u00edntimas, es que este ruede entre grupos de mujeres para entender la problem\u00e1tica de la violencia intrafamiliar, que parece normal.<\/p>\n","protected":false},"author":93,"featured_media":0,"comment_status":"open","ping_status":"open","sticky":false,"template":"","format":"standard","meta":{"footnotes":""},"categories":[41],"tags":[],"class_list":["post-3302","post","type-post","status-publish","format-standard","hentry","category-arteria-cultural"],"_links":{"self":[{"href":"https:\/\/plazajuarez.mx\/historico\/wp-json\/wp\/v2\/posts\/3302","targetHints":{"allow":["GET"]}}],"collection":[{"href":"https:\/\/plazajuarez.mx\/historico\/wp-json\/wp\/v2\/posts"}],"about":[{"href":"https:\/\/plazajuarez.mx\/historico\/wp-json\/wp\/v2\/types\/post"}],"author":[{"embeddable":true,"href":"https:\/\/plazajuarez.mx\/historico\/wp-json\/wp\/v2\/users\/93"}],"replies":[{"embeddable":true,"href":"https:\/\/plazajuarez.mx\/historico\/wp-json\/wp\/v2\/comments?post=3302"}],"version-history":[{"count":0,"href":"https:\/\/plazajuarez.mx\/historico\/wp-json\/wp\/v2\/posts\/3302\/revisions"}],"wp:attachment":[{"href":"https:\/\/plazajuarez.mx\/historico\/wp-json\/wp\/v2\/media?parent=3302"}],"wp:term":[{"taxonomy":"category","embeddable":true,"href":"https:\/\/plazajuarez.mx\/historico\/wp-json\/wp\/v2\/categories?post=3302"},{"taxonomy":"post_tag","embeddable":true,"href":"https:\/\/plazajuarez.mx\/historico\/wp-json\/wp\/v2\/tags?post=3302"}],"curies":[{"name":"wp","href":"https:\/\/api.w.org\/{rel}","templated":true}]}}