{"id":3299,"date":"2015-04-05T06:00:00","date_gmt":"2015-04-05T06:00:00","guid":{"rendered":"http:\/\/plazajuarez.mx\/index\/index.php\/2015\/04\/05\/madonna-se-revela-contra-censura-de-senos-en-instagram\/"},"modified":"2015-04-05T06:00:00","modified_gmt":"2015-04-05T06:00:00","slug":"madonna-se-revela-contra-censura-de-senos-en-instagram","status":"publish","type":"post","link":"https:\/\/plazajuarez.mx\/historico\/madonna-se-revela-contra-censura-de-senos-en-instagram\/","title":{"rendered":"Madonna se revela contra censura de senos en Instagram"},"content":{"rendered":"<p>La cantante Madonna public\u00f3 hace unos d\u00edas en Instagram una foto topless que luego fue borrada de la red.<\/p>\n<p>  <!--more-->  <\/p>\n<p>La imagen en blanco y negro data de hace varios a\u00f1os, y en ella a &#8220;La Reina del Pop&#8221; se le ve con los brazos levantados mientras un hombre toca uno de sus pechos. <br \/>En la instant\u00e1nea, en la que se pod\u00eda observar una parte de su pez\u00f3n, la int\u00e9rprete escribi\u00f3: &#8220;\u00bfCu\u00e1nto m\u00e1s tengo que tener arriba mis brazos? #Unapologeticbitch&#8221; <br \/>Sin embargo, al ser censurada la foto por las pol\u00edticas de Instagram, que proh\u00edben los pezones femeninos, Madonna colg\u00f3 en su cuenta otra instant\u00e1nea, se trata de una versi\u00f3n censurada de la ic\u00f3nica foto del desnudo que realiz\u00f3 para su libro Sex, publicado en 1992. <br \/>Junto a la imagen, escribi\u00f3 &#8220;\u00bfPor qu\u00e9 est\u00e1 bien mostrar el trasero pero no los pechos? Ahog\u00e1ndome en la hipocres\u00eda de las redes sociales&#8221;, expres\u00f3. <br \/>La cantante dej\u00f3 ver as\u00ed su inconformidad con Instagram, sum\u00e1ndose a famosas que tambi\u00e9n han alzado la voz sobre el tema, tales como Miley Cyrus, Lydia Hearst y la hija de Demi Moore.<\/p>\n","protected":false},"excerpt":{"rendered":"<p>La cantante Madonna public\u00f3 hace unos d\u00edas en Instagram una foto topless que luego fue borrada de la red.<\/p>\n","protected":false},"author":93,"featured_media":0,"comment_status":"open","ping_status":"open","sticky":false,"template":"","format":"standard","meta":{"footnotes":""},"categories":[38],"tags":[],"class_list":["post-3299","post","type-post","status-publish","format-standard","hentry","category-show"],"_links":{"self":[{"href":"https:\/\/plazajuarez.mx\/historico\/wp-json\/wp\/v2\/posts\/3299","targetHints":{"allow":["GET"]}}],"collection":[{"href":"https:\/\/plazajuarez.mx\/historico\/wp-json\/wp\/v2\/posts"}],"about":[{"href":"https:\/\/plazajuarez.mx\/historico\/wp-json\/wp\/v2\/types\/post"}],"author":[{"embeddable":true,"href":"https:\/\/plazajuarez.mx\/historico\/wp-json\/wp\/v2\/users\/93"}],"replies":[{"embeddable":true,"href":"https:\/\/plazajuarez.mx\/historico\/wp-json\/wp\/v2\/comments?post=3299"}],"version-history":[{"count":0,"href":"https:\/\/plazajuarez.mx\/historico\/wp-json\/wp\/v2\/posts\/3299\/revisions"}],"wp:attachment":[{"href":"https:\/\/plazajuarez.mx\/historico\/wp-json\/wp\/v2\/media?parent=3299"}],"wp:term":[{"taxonomy":"category","embeddable":true,"href":"https:\/\/plazajuarez.mx\/historico\/wp-json\/wp\/v2\/categories?post=3299"},{"taxonomy":"post_tag","embeddable":true,"href":"https:\/\/plazajuarez.mx\/historico\/wp-json\/wp\/v2\/tags?post=3299"}],"curies":[{"name":"wp","href":"https:\/\/api.w.org\/{rel}","templated":true}]}}