{"id":32959,"date":"2016-12-06T12:25:10","date_gmt":"2016-12-06T12:25:10","guid":{"rendered":"http:\/\/plazajuarez.mx\/index\/index.php\/2016\/12\/06\/ayotzinapa-dio-voz-a-quienes-no-tenian\/"},"modified":"2016-12-06T12:25:10","modified_gmt":"2016-12-06T12:25:10","slug":"ayotzinapa-dio-voz-a-quienes-no-tenian","status":"publish","type":"post","link":"https:\/\/plazajuarez.mx\/historico\/ayotzinapa-dio-voz-a-quienes-no-tenian\/","title":{"rendered":"AYOTZINAPA DIO VOZ A QUIENES NO TEN\u00cdAN"},"content":{"rendered":"<p>GUADALAJARA, JALISCO<\/p>\n<p>  <!--more-->  <\/p>\n<p>Integrantes de organizaciones consideran que el pa\u00eds atraviesa por uno de los momentos m\u00e1s sangrientos de su historia<br \/>Ayotzinapa es s\u00f3lo la punta del iceberg, pero es el caso que ha dado voz a quienes no la ten\u00edan y desde antes de lo ocurrido la noche del 26 de septiembre de 2014 en Iguala, Guerrero, ven\u00edan denunciando situaciones similares, consider\u00f3 Leticia Hidalgo, madre de Roy Rivera, secuestrado el 11 de enero de 2011 en Monterrey, Nuevo Le\u00f3n, por un comando cuyos elementos portaban chalecos de la Polic\u00eda Municipal.<br \/>\u201cAyotzinapa nos regresa a todos los estados, porque lo sucedido en Iguala, Guerrero, ha sido solamente un espejo de lo que ha ocurrido en cada uno de nuestras entidades; cuando nosotros supimos del ataque y la desaparici\u00f3n de nuestros estudiantes de la Normal Rural de Ayotzinapa, est\u00e1bamos viendo lo mismo que nos hab\u00eda pasado a nosotros a\u00f1os antes: polic\u00edas municipales, estatales, de todos los niveles, llev\u00e1ndose a los j\u00f3venes\u201d, se\u00f1al\u00f3 la mujer durante el foro \u201cLos desaparecidos nos faltan a todos\u201d, organizado en el marco de la 30 Feria Internacional del Libro (FIL) de Guadalajara, Jalisco.<br \/>Integrante de la organizaci\u00f3n Familias Unidas por Nuestros Desaparecidos Nuevo Le\u00f3n (FundeNL), Leticia Hidalgo consider\u00f3 que el pa\u00eds atraviesa por uno de los momentos m\u00e1s sangrientos de su historia, puesto que, asegur\u00f3, seg\u00fan cifras del propio gobierno, hay cerca de 30 mil desaparecidos y s\u00f3lo se denuncian dos de cada 10 casos.<br \/>\u201cNos necesitamos, estamos completamente convencidos de que solamente con la organizaci\u00f3n de la ciudadan\u00eda, de nosotros, de los civiles, va a hacer posible un cambio en M\u00e9xico, no se lo podemos seguir dejando al Estado; nunca, jam\u00e1s, la justicia vendr\u00e1 del verdugo\u201d, indic\u00f3 la activista.<br \/>Mar\u00eda del Refugio Torres, madre de Gerardo Preciado, desaparecido en el Barrio del Santuario, en Guadalajara, Jalisco, e integrante de la organizaci\u00f3n Por Amor a Ellos, se\u00f1al\u00f3 que los datos de la fiscal\u00eda del estado indican que hasta septiembre pasado hab\u00eda 3 mil 803 personas desaparecidas en la entidad y recrimin\u00f3 que el fiscal jaliscience, Eduardo Almaguer, intente minimizar el caso declarando que unas son \u201cpersonas desaparecidas\u201d y otras \u201cpersonas no localizadas\u201d.<br \/>\u201cQuiero decirle al fiscal que desde este momento rechazamos rotundamente esta separaci\u00f3n que hace, no lo permitiremos, porque a los familiares de los desaparecidos nos faltan todos, no est\u00e1n en nuestras casas\u201d dijo la denunciante.<br \/>Torres asegur\u00f3 que se les sigue negando el acceso a los expedientes de sus familiares desaparecidos y cuando finalmente los pueden tener, se percatan de que hay severas irregularidades y omisiones, como que las investigaciones llevan congeladas meses y a\u00f1os.<br \/>A nombre de su organizaci\u00f3n tambi\u00e9n envi\u00f3 un mensaje al cardenal de Guadalajara y presidente de la Conferencia del Episcopado Mexicano (CEM), Francisco Robles Ortega: \u201cSeguimos esperando el apoyo que nos prometi\u00f3\u201d.<br \/>Hilda Legide\u00f1o, integrante del Comit\u00e9 de Padres y Madres de los 43 desaparecidos, insisti\u00f3 en que ellos siguen manifest\u00e1ndose y acudiendo a este tipo de foros.<\/p>\n","protected":false},"excerpt":{"rendered":"<p>GUADALAJARA, JALISCO<\/p>\n","protected":false},"author":93,"featured_media":0,"comment_status":"open","ping_status":"open","sticky":false,"template":"","format":"standard","meta":{"footnotes":""},"categories":[37],"tags":[],"class_list":["post-32959","post","type-post","status-publish","format-standard","hentry","category-barandilla"],"_links":{"self":[{"href":"https:\/\/plazajuarez.mx\/historico\/wp-json\/wp\/v2\/posts\/32959","targetHints":{"allow":["GET"]}}],"collection":[{"href":"https:\/\/plazajuarez.mx\/historico\/wp-json\/wp\/v2\/posts"}],"about":[{"href":"https:\/\/plazajuarez.mx\/historico\/wp-json\/wp\/v2\/types\/post"}],"author":[{"embeddable":true,"href":"https:\/\/plazajuarez.mx\/historico\/wp-json\/wp\/v2\/users\/93"}],"replies":[{"embeddable":true,"href":"https:\/\/plazajuarez.mx\/historico\/wp-json\/wp\/v2\/comments?post=32959"}],"version-history":[{"count":0,"href":"https:\/\/plazajuarez.mx\/historico\/wp-json\/wp\/v2\/posts\/32959\/revisions"}],"wp:attachment":[{"href":"https:\/\/plazajuarez.mx\/historico\/wp-json\/wp\/v2\/media?parent=32959"}],"wp:term":[{"taxonomy":"category","embeddable":true,"href":"https:\/\/plazajuarez.mx\/historico\/wp-json\/wp\/v2\/categories?post=32959"},{"taxonomy":"post_tag","embeddable":true,"href":"https:\/\/plazajuarez.mx\/historico\/wp-json\/wp\/v2\/tags?post=32959"}],"curies":[{"name":"wp","href":"https:\/\/api.w.org\/{rel}","templated":true}]}}