{"id":32957,"date":"2016-12-06T12:23:05","date_gmt":"2016-12-06T12:23:05","guid":{"rendered":"http:\/\/plazajuarez.mx\/index\/index.php\/2016\/12\/06\/inauguran-segunda-etapa-de-centro-de-justicia-oral-en-merida\/"},"modified":"2016-12-06T12:23:05","modified_gmt":"2016-12-06T12:23:05","slug":"inauguran-segunda-etapa-de-centro-de-justicia-oral-en-merida","status":"publish","type":"post","link":"https:\/\/plazajuarez.mx\/historico\/inauguran-segunda-etapa-de-centro-de-justicia-oral-en-merida\/","title":{"rendered":"Inauguran segunda etapa de Centro de Justicia Oral en M\u00e9rida"},"content":{"rendered":"<p>\u201cInvertir en justicia significa tranquilidad de la sociedad y bienestar de las personas\u201d, afirm\u00f3 ayer el secretario de Gobernaci\u00f3n, Miguel \u00c1ngel Osorio Chong, al inaugurar la segunda etapa del Centro de Justicia Oral de M\u00e9rida llamado Centro de instituciones operadoras del sistema penal y acusatorio.<\/p>\n<p>  <!--more-->  <\/p>\n<p>El funcionario estuvo de visita en la entidad y puso en funciones la obra que tuvo un costo de 288 millones de pesos y que consta de tres m\u00f3dulos, cada uno con tres niveles, adem\u00e1s del estacionamiento.<br \/>All\u00ed, las autoridades estatales explicaron que en el primer m\u00f3dulo estar\u00e1 la Fiscal\u00eda general del Estado y la Comisi\u00f3n ejecutiva ejecutiva estatal de atenci\u00f3n a v\u00edctimas; m\u00f3dulo dos, el Instituto de Defensa p\u00fablica del Estado y el Centro estatal de medidas cautelares; y en el tercero, una cafeter\u00eda, biblioteca y oficinas administrativas.<\/p>\n","protected":false},"excerpt":{"rendered":"<p>\u201cInvertir en justicia significa tranquilidad de la sociedad y bienestar de las personas\u201d, afirm\u00f3 ayer el secretario de Gobernaci\u00f3n, Miguel \u00c1ngel Osorio Chong, al inaugurar la segunda etapa del Centro de Justicia Oral de M\u00e9rida llamado Centro de instituciones operadoras del sistema penal y acusatorio.<\/p>\n","protected":false},"author":93,"featured_media":0,"comment_status":"open","ping_status":"open","sticky":false,"template":"","format":"standard","meta":{"footnotes":""},"categories":[36],"tags":[],"class_list":["post-32957","post","type-post","status-publish","format-standard","hentry","category-nacion"],"_links":{"self":[{"href":"https:\/\/plazajuarez.mx\/historico\/wp-json\/wp\/v2\/posts\/32957","targetHints":{"allow":["GET"]}}],"collection":[{"href":"https:\/\/plazajuarez.mx\/historico\/wp-json\/wp\/v2\/posts"}],"about":[{"href":"https:\/\/plazajuarez.mx\/historico\/wp-json\/wp\/v2\/types\/post"}],"author":[{"embeddable":true,"href":"https:\/\/plazajuarez.mx\/historico\/wp-json\/wp\/v2\/users\/93"}],"replies":[{"embeddable":true,"href":"https:\/\/plazajuarez.mx\/historico\/wp-json\/wp\/v2\/comments?post=32957"}],"version-history":[{"count":0,"href":"https:\/\/plazajuarez.mx\/historico\/wp-json\/wp\/v2\/posts\/32957\/revisions"}],"wp:attachment":[{"href":"https:\/\/plazajuarez.mx\/historico\/wp-json\/wp\/v2\/media?parent=32957"}],"wp:term":[{"taxonomy":"category","embeddable":true,"href":"https:\/\/plazajuarez.mx\/historico\/wp-json\/wp\/v2\/categories?post=32957"},{"taxonomy":"post_tag","embeddable":true,"href":"https:\/\/plazajuarez.mx\/historico\/wp-json\/wp\/v2\/tags?post=32957"}],"curies":[{"name":"wp","href":"https:\/\/api.w.org\/{rel}","templated":true}]}}