{"id":32956,"date":"2016-12-06T12:22:37","date_gmt":"2016-12-06T12:22:37","guid":{"rendered":"http:\/\/plazajuarez.mx\/index\/index.php\/2016\/12\/06\/emprendimiento-en-mexico-y-al-de-bajo-valor-agregado-tuiran\/"},"modified":"2016-12-06T12:22:37","modified_gmt":"2016-12-06T12:22:37","slug":"emprendimiento-en-mexico-y-al-de-bajo-valor-agregado-tuiran","status":"publish","type":"post","link":"https:\/\/plazajuarez.mx\/historico\/emprendimiento-en-mexico-y-al-de-bajo-valor-agregado-tuiran\/","title":{"rendered":"Emprendimiento en M\u00e9xico y AL, de bajo valor agregado: Tuir\u00e1n"},"content":{"rendered":"<p>\u201cM\u00e9xico ocupa el lugar 14 entre 19 pa\u00edses de Am\u00e9rica Latina en intenci\u00f3n de emprender. Los primeros son Chile, Per\u00fa y Colombia entre otros\u201d.<\/p>\n<p>  <!--more-->  <\/p>\n<p>\u201cAunque en M\u00e9xico 7 de cada 10 empleos se generan en las peque\u00f1as, micro y medianas empresas, diversos factores como la versi\u00f3n informal y dificultades de adaptar nuevas tecnolog\u00edas, todos esas causas constituyen obst\u00e1culos fundamentales, cruciales para el entorno del emprendedor\u201d.<br \/>El emprendimiento en pa\u00edses como M\u00e9xico y otros de Latinoam\u00e9rica es relativamente de bajo valor agregado, afirm\u00f3 el subsecretario de Educaci\u00f3n Media Superior, Rodolfo Tuir\u00e1n Guti\u00e9rrez, quien dijo que en la regi\u00f3n hay un importante d\u00e9ficit de habilidades y competencias entre algunos segmentos de su poblaci\u00f3n que se expresan en el mercado laboral.<br \/>Al distinguir con el reconocimiento \u201c100% emprendedor\u201d a 11 estudiantes de educaci\u00f3n media del pa\u00eds y Latinoam\u00e9rica que participaron en el Programa Impulsa, Tuir\u00e1n Guti\u00e9rrez dijo que la inversi\u00f3n en investigaci\u00f3n, desarrollo e innovaci\u00f3n en pa\u00edses como M\u00e9xico es relativamente baja si se le compara con muchas otras naciones desarrolladas.<br \/>Indic\u00f3 que de acuerdo al \u00cdndice Global de Emprendimiento y Desarrollo, M\u00e9xico se encuentra en lugar n\u00famero 62 dentro de 118, \u201ces decir, estamos a la mitad de la tabla y necesitamos mejorar de manera sistem\u00e1tica nuestra posici\u00f3n no en s\u00ed mismo como una suerte de competencia porque eso trae consigo mejoras considerables en el bienestar de los habitantes de cada uno de los pa\u00edses.<br \/>Agreg\u00f3 que tambi\u00e9n el nuestro pa\u00eds ocupa el lugar 57 en t\u00e9rminos de actitud de emprendedora, 40 en t\u00e9rminos de habilidad y el sitio 74 en t\u00e9rminos de aspiraciones emprendedora.<\/p>\n","protected":false},"excerpt":{"rendered":"<p>\u201cM\u00e9xico ocupa el lugar 14 entre 19 pa\u00edses de Am\u00e9rica Latina en intenci\u00f3n de emprender. Los primeros son Chile, Per\u00fa y Colombia entre otros\u201d.<\/p>\n","protected":false},"author":93,"featured_media":0,"comment_status":"open","ping_status":"open","sticky":false,"template":"","format":"standard","meta":{"footnotes":""},"categories":[36],"tags":[],"class_list":["post-32956","post","type-post","status-publish","format-standard","hentry","category-nacion"],"_links":{"self":[{"href":"https:\/\/plazajuarez.mx\/historico\/wp-json\/wp\/v2\/posts\/32956","targetHints":{"allow":["GET"]}}],"collection":[{"href":"https:\/\/plazajuarez.mx\/historico\/wp-json\/wp\/v2\/posts"}],"about":[{"href":"https:\/\/plazajuarez.mx\/historico\/wp-json\/wp\/v2\/types\/post"}],"author":[{"embeddable":true,"href":"https:\/\/plazajuarez.mx\/historico\/wp-json\/wp\/v2\/users\/93"}],"replies":[{"embeddable":true,"href":"https:\/\/plazajuarez.mx\/historico\/wp-json\/wp\/v2\/comments?post=32956"}],"version-history":[{"count":0,"href":"https:\/\/plazajuarez.mx\/historico\/wp-json\/wp\/v2\/posts\/32956\/revisions"}],"wp:attachment":[{"href":"https:\/\/plazajuarez.mx\/historico\/wp-json\/wp\/v2\/media?parent=32956"}],"wp:term":[{"taxonomy":"category","embeddable":true,"href":"https:\/\/plazajuarez.mx\/historico\/wp-json\/wp\/v2\/categories?post=32956"},{"taxonomy":"post_tag","embeddable":true,"href":"https:\/\/plazajuarez.mx\/historico\/wp-json\/wp\/v2\/tags?post=32956"}],"curies":[{"name":"wp","href":"https:\/\/api.w.org\/{rel}","templated":true}]}}