{"id":32955,"date":"2016-12-06T12:22:22","date_gmt":"2016-12-06T12:22:22","guid":{"rendered":"http:\/\/plazajuarez.mx\/index\/index.php\/2016\/12\/06\/estrategia-de-inclusion-para-discapacitados\/"},"modified":"2016-12-06T12:22:22","modified_gmt":"2016-12-06T12:22:22","slug":"estrategia-de-inclusion-para-discapacitados","status":"publish","type":"post","link":"https:\/\/plazajuarez.mx\/historico\/estrategia-de-inclusion-para-discapacitados\/","title":{"rendered":"Estrategia de &#8220;inclusi\u00f3n&#8221; para discapacitados"},"content":{"rendered":"<p>Fue anunciada por el titular de la SEP, Aurelio Nu\u00f1o <\/p>\n<p>  <!--more-->  <\/p>\n<p>El titular de la SEP, Aurelio Nu\u00f1o, anunci\u00f3 que el pr\u00f3ximo a\u00f1o, en el nuevo Modelo Educativo presentar\u00e1 la estrategia de \u201cequidad e inclusi\u00f3n\u201d que permitir\u00e1 incorporar a 500 mil menores con capacidades diferentes al sistema educativo y a escuelas p\u00fablicas del pa\u00eds.<br \/>Dijo que en el pr\u00f3ximo a\u00f1o en el primer trimestre, la SEP va a presentar una nueva estrategia de equidad e inclusi\u00f3n en planteles p\u00fablicos, \u201c\u00bfqu\u00e9 es lo que queremos?, que todas las ni\u00f1as y los ni\u00f1os que tengan una discapacidad puedan estar en una escuela\u201d, se\u00f1al\u00f3.<br \/>\u201cPara eso necesitamos una estrategia en la que se capacite y se prepare a docentes; para poder tener ni\u00f1os con diversas discapacidades dentro de las escuelas, que podamos ir mejorando poco a poco la infraestructura\u201d.<br \/>Ayer, el titular de la SEP realiz\u00f3 un recorrido por instalaciones del Centro de Rehabilitaci\u00f3n Infantil Telet\u00f3n, Tlalnepantla, y coment\u00f3 que uno de los retos ser\u00e1 contar con infraestructura adecuada para incorporar a menores con capacidades diferentes al sistema educativo escolarizado.<br \/>\u201cLa estructura de las escuelas, en t\u00e9rminos generales, no est\u00e1 equipada para ni\u00f1os y ni\u00f1as con discapacidad. Las nuevas escuelas, que se hacen, ya lo incluyen\u201d, asegur\u00f3.<\/p>\n","protected":false},"excerpt":{"rendered":"<p>Fue anunciada por el titular de la SEP, Aurelio Nu\u00f1o<\/p>\n","protected":false},"author":93,"featured_media":0,"comment_status":"open","ping_status":"open","sticky":false,"template":"","format":"standard","meta":{"footnotes":""},"categories":[36],"tags":[],"class_list":["post-32955","post","type-post","status-publish","format-standard","hentry","category-nacion"],"_links":{"self":[{"href":"https:\/\/plazajuarez.mx\/historico\/wp-json\/wp\/v2\/posts\/32955","targetHints":{"allow":["GET"]}}],"collection":[{"href":"https:\/\/plazajuarez.mx\/historico\/wp-json\/wp\/v2\/posts"}],"about":[{"href":"https:\/\/plazajuarez.mx\/historico\/wp-json\/wp\/v2\/types\/post"}],"author":[{"embeddable":true,"href":"https:\/\/plazajuarez.mx\/historico\/wp-json\/wp\/v2\/users\/93"}],"replies":[{"embeddable":true,"href":"https:\/\/plazajuarez.mx\/historico\/wp-json\/wp\/v2\/comments?post=32955"}],"version-history":[{"count":0,"href":"https:\/\/plazajuarez.mx\/historico\/wp-json\/wp\/v2\/posts\/32955\/revisions"}],"wp:attachment":[{"href":"https:\/\/plazajuarez.mx\/historico\/wp-json\/wp\/v2\/media?parent=32955"}],"wp:term":[{"taxonomy":"category","embeddable":true,"href":"https:\/\/plazajuarez.mx\/historico\/wp-json\/wp\/v2\/categories?post=32955"},{"taxonomy":"post_tag","embeddable":true,"href":"https:\/\/plazajuarez.mx\/historico\/wp-json\/wp\/v2\/tags?post=32955"}],"curies":[{"name":"wp","href":"https:\/\/api.w.org\/{rel}","templated":true}]}}