{"id":32954,"date":"2016-12-06T12:21:21","date_gmt":"2016-12-06T12:21:21","guid":{"rendered":"http:\/\/plazajuarez.mx\/index\/index.php\/2016\/12\/06\/cce-pide-politicas-publicas-contra-la-desaceleracion\/"},"modified":"2016-12-06T12:21:21","modified_gmt":"2016-12-06T12:21:21","slug":"cce-pide-politicas-publicas-contra-la-desaceleracion","status":"publish","type":"post","link":"https:\/\/plazajuarez.mx\/historico\/cce-pide-politicas-publicas-contra-la-desaceleracion\/","title":{"rendered":"CCE pide pol\u00edticas p\u00fablicas contra la desaceleraci\u00f3n"},"content":{"rendered":"<p>\u00a0Los sufridos empresarios, piden contener salarios<\/p>\n<p>  <!--more-->  <\/p>\n<p>El Consejo Coordinador Empresarial (CCE) urgi\u00f3 llevar a cabo pol\u00edticas p\u00fablicas emergentes para enfrentar la desaceleraci\u00f3n del crecimiento econ\u00f3mico del pa\u00eds en 2017, entre estas, programar con \u201ccuidado\u201d el aumento a los salarios y propiciar los financiamientos de la banca comercial y de desarrollo.<br \/>El alto endeudamiento del pa\u00eds, el aumento en el d\u00e9ficit de la balanza comercial, la debilidad econ\u00f3mica mundial y el \u201cfactor Trump\u201d, son temas que, combinados, impedir\u00edan un crecimiento superior al 2 por ciento en 2017, lo que afectar\u00e1 el empleo y el bienestar de las familias,\u00a0 explic\u00f3 Juan Pablo Casta\u00f1\u00f3n, presidente del CCE en un mensaje.<br \/>Por ello, consider\u00f3 fundamental llevar a cabo \u201cacciones emergentes\u201d y plante\u00f3 una serie de lineamientos que pueden \u201cproducir efectos r\u00e1pidos en materia de inversi\u00f3n y de empleo\u201d.<br \/>El CCE propuso que en el campo laboral, se requiere un programa integral de desarrollo del capital humano, con \u00e9nfasis en la capacitaci\u00f3n, \u201cen balance adecuado con el tiempo familiar\u201d, y \u201cprogramar cuidadosamente el incremento a las remuneraciones en el tiempo, con el objetivo de que sea el poder adquisitivo el que crezca, m\u00e1s que los sueldos nominales\u201d. Es preciso, dijo Casta\u00f1\u00f3n, evitar medidas, pol\u00edticas o pr\u00e1cticas inflacionarias.<br \/>Propuso la reducci\u00f3n paulatina de la deuda con relaci\u00f3n al Producto Interno Bruto para tener un plan fiscal, en su recaudaci\u00f3n y su aplicaci\u00f3n, que sea viable en el entorno fiscal ideal en el 2020.<br \/>Casta\u00f1\u00f3n destac\u00f3 tambi\u00e9n que los programas sociales dejen de ser \u201cclientelares\u201d y se orienten a crear una infraestructura f\u00edsica e intelectual productiva; ejercer sin demora el gasto p\u00fablico y aplicarlo en infraestructura; dar m\u00e1s flexibilidad a las asociaciones p\u00fablico-privadas; y asegurar un financiamiento real, competitivo y accesible, para las peque\u00f1as, medianas y grandes empresas de todos los tama\u00f1os.<br \/>Recomend\u00f3 que cuidar los niveles de las tasas activas y par\u00e1metros de otorgamiento de cr\u00e9dito de la banca de desarrollo; combinar programas de financiamientos de banca de desarrollo y banca comercial; establecer una pol\u00edtica de est\u00edmulos fiscales con un efecto inmediato; mayores esfuerzos de recaudaci\u00f3n en las entidades federativas y municipios, y acelerar los procesos de contabilidad gubernamental.<\/p>\n","protected":false},"excerpt":{"rendered":"<p>\u00a0Los sufridos empresarios, piden contener salarios<\/p>\n","protected":false},"author":93,"featured_media":0,"comment_status":"open","ping_status":"open","sticky":false,"template":"","format":"standard","meta":{"footnotes":""},"categories":[36],"tags":[],"class_list":["post-32954","post","type-post","status-publish","format-standard","hentry","category-nacion"],"_links":{"self":[{"href":"https:\/\/plazajuarez.mx\/historico\/wp-json\/wp\/v2\/posts\/32954","targetHints":{"allow":["GET"]}}],"collection":[{"href":"https:\/\/plazajuarez.mx\/historico\/wp-json\/wp\/v2\/posts"}],"about":[{"href":"https:\/\/plazajuarez.mx\/historico\/wp-json\/wp\/v2\/types\/post"}],"author":[{"embeddable":true,"href":"https:\/\/plazajuarez.mx\/historico\/wp-json\/wp\/v2\/users\/93"}],"replies":[{"embeddable":true,"href":"https:\/\/plazajuarez.mx\/historico\/wp-json\/wp\/v2\/comments?post=32954"}],"version-history":[{"count":0,"href":"https:\/\/plazajuarez.mx\/historico\/wp-json\/wp\/v2\/posts\/32954\/revisions"}],"wp:attachment":[{"href":"https:\/\/plazajuarez.mx\/historico\/wp-json\/wp\/v2\/media?parent=32954"}],"wp:term":[{"taxonomy":"category","embeddable":true,"href":"https:\/\/plazajuarez.mx\/historico\/wp-json\/wp\/v2\/categories?post=32954"},{"taxonomy":"post_tag","embeddable":true,"href":"https:\/\/plazajuarez.mx\/historico\/wp-json\/wp\/v2\/tags?post=32954"}],"curies":[{"name":"wp","href":"https:\/\/api.w.org\/{rel}","templated":true}]}}