{"id":32883,"date":"2016-12-05T14:09:27","date_gmt":"2016-12-05T14:09:27","guid":{"rendered":"http:\/\/plazajuarez.mx\/index\/index.php\/2016\/12\/05\/estrategia-del-gobernador-debe-mantenerse-a-lo-largo-de-su-administracion\/"},"modified":"2016-12-05T14:09:27","modified_gmt":"2016-12-05T14:09:27","slug":"estrategia-del-gobernador-debe-mantenerse-a-lo-largo-de-su-administracion","status":"publish","type":"post","link":"https:\/\/plazajuarez.mx\/historico\/estrategia-del-gobernador-debe-mantenerse-a-lo-largo-de-su-administracion\/","title":{"rendered":"Estrategia del Gobernador debe mantenerse a lo largo de su administraci\u00f3n"},"content":{"rendered":"<p dir=\"ltr\" style=\"line-height: 1.2; margin-top: 0pt; margin-bottom: 10pt;\"><span style=\"font-size: 14.666666666666666px; font-family: Calibri; color: #000000; background-color: transparent; font-weight: 400; font-style: normal; font-variant: normal; text-decoration: none; vertical-align: baseline;\">El dirigente estatal del Partido del Trabajo (PT), Arturo Aparicio Barrios asegur\u00f3 que el gobernador del estado, Omar Fayad Meneses, como estrategia de trabajo atiende los temas m\u00e1s urgentes de la sociedad, siendo uno de ellos el tema de salud, sin embargo apunt\u00f3 que deben ser acciones que se mantengan a lo largo de su administraci\u00f3n.<\/span><\/p>\n<p>  <!--more-->  <\/p>\n<p dir=\"ltr\" style=\"line-height: 1.2; margin-top: 0pt; margin-bottom: 10pt;\"><span style=\"font-size: 14.666666666666666px; font-family: Calibri; color: #000000; background-color: transparent; font-weight: 400; font-style: normal; font-variant: normal; text-decoration: none; vertical-align: baseline;\">Aunque destac\u00f3 que las grandes acciones son a largo plazo, s\u00ed agreg\u00f3 ver \u201cuna estrategia de ajustar el cintur\u00f3n. Esperemos que se mantenga para que realmente pueda ser un uso eficiente de todo el recurso p\u00fablico\u201d.<\/span><\/p>\n<p dir=\"ltr\" style=\"line-height: 1.2; margin-top: 0pt; margin-bottom: 10pt;\"><span style=\"font-size: 14.666666666666666px; font-family: Calibri; color: #000000; background-color: transparent; font-weight: 400; font-style: normal; font-variant: normal; text-decoration: none; vertical-align: baseline;\">No obstante y en espera de que los compromisos en campa\u00f1a puedan ser cumplidos, refiri\u00f3 que se esperan ver avances en tema de obra p\u00fablica y crecimiento econ\u00f3mico aunado al panorama econ\u00f3mico que se vislumbra para el pr\u00f3ximo a\u00f1o.<\/span><\/p>\n<p dir=\"ltr\" style=\"line-height: 1.2; margin-top: 0pt; margin-bottom: 10pt;\"><span style=\"font-size: 14.666666666666666px; font-family: Calibri; color: #000000; background-color: transparent; font-weight: 400; font-style: normal; font-variant: normal; text-decoration: none; vertical-align: baseline;\">En otro tema, el dirigente estatal refiri\u00f3 que ser\u00e1 hasta el mes de enero y una vez resuelva el Tribunal Estatal Electoral cuando comiencen a pagar la multa que se les imput\u00f3 por no registrar en la mayor\u00eda de sus candidatos oficinas de campa\u00f1a, la cual esperan se reduzca en un 50 por ciento, misma que fue de m\u00e1s de cuatro millones de pesos.<\/span><\/p>\n<p dir=\"ltr\" style=\"line-height: 1.2; margin-top: 0pt; margin-bottom: 10pt;\"><span style=\"font-size: 14.666666666666666px; font-family: Calibri; color: #000000; background-color: transparent; font-weight: 400; font-style: normal; font-variant: normal; text-decoration: none; vertical-align: baseline;\">En este tema, Aparicio Barrios dijo que el hecho se debi\u00f3 en consecuencia a una falta de manejo en las nuevas reglas que interpuso el Instituto Nacional Electoral, \u201ca la mayor\u00eda de los candidatos y partidos la normatividad era nueva las reglas no estaban muy claras\u2026 preguntamos al instituto c\u00f3mo report\u00e1bamos los gastos de n\u00f3mina que se tendr\u00edan en campa\u00f1a y no nos pod\u00edan dar respuesta\u201d.<\/span><\/p>\n<p dir=\"ltr\" style=\"line-height: 1.2; margin-top: 0pt; margin-bottom: 10pt;\"><span style=\"font-size: 14.666666666666666px; font-family: Calibri; color: #000000; background-color: transparent; font-weight: 400; font-style: normal; font-variant: normal; text-decoration: none; vertical-align: baseline;\">Por lo anterior, argument\u00f3 que el partido solicit\u00f3 apoyo al INE para saber c\u00f3mo pod\u00edan reportar diversos gastos sin embargo les dec\u00edan \u201cno sabemos, esa era la respuesta que nos daban\u201d, coment\u00f3 el dirigente estatal del PT.<\/span><\/p>\n","protected":false},"excerpt":{"rendered":"<p>El dirigente estatal del Partido del Trabajo (PT), Arturo Aparicio Barrios asegur\u00f3 que el gobernador del estado, Omar Fayad Meneses, como estrategia de trabajo atiende los temas m\u00e1s urgentes de la sociedad, siendo uno de ellos el tema de salud, sin embargo apunt\u00f3 que deben ser acciones que se mantengan a lo largo de su [&hellip;]<\/p>\n","protected":false},"author":3,"featured_media":0,"comment_status":"open","ping_status":"open","sticky":false,"template":"","format":"standard","meta":{"footnotes":""},"categories":[59],"tags":[],"class_list":["post-32883","post","type-post","status-publish","format-standard","hentry","category-general"],"_links":{"self":[{"href":"https:\/\/plazajuarez.mx\/historico\/wp-json\/wp\/v2\/posts\/32883","targetHints":{"allow":["GET"]}}],"collection":[{"href":"https:\/\/plazajuarez.mx\/historico\/wp-json\/wp\/v2\/posts"}],"about":[{"href":"https:\/\/plazajuarez.mx\/historico\/wp-json\/wp\/v2\/types\/post"}],"author":[{"embeddable":true,"href":"https:\/\/plazajuarez.mx\/historico\/wp-json\/wp\/v2\/users\/3"}],"replies":[{"embeddable":true,"href":"https:\/\/plazajuarez.mx\/historico\/wp-json\/wp\/v2\/comments?post=32883"}],"version-history":[{"count":0,"href":"https:\/\/plazajuarez.mx\/historico\/wp-json\/wp\/v2\/posts\/32883\/revisions"}],"wp:attachment":[{"href":"https:\/\/plazajuarez.mx\/historico\/wp-json\/wp\/v2\/media?parent=32883"}],"wp:term":[{"taxonomy":"category","embeddable":true,"href":"https:\/\/plazajuarez.mx\/historico\/wp-json\/wp\/v2\/categories?post=32883"},{"taxonomy":"post_tag","embeddable":true,"href":"https:\/\/plazajuarez.mx\/historico\/wp-json\/wp\/v2\/tags?post=32883"}],"curies":[{"name":"wp","href":"https:\/\/api.w.org\/{rel}","templated":true}]}}