{"id":32882,"date":"2016-12-05T14:08:22","date_gmt":"2016-12-05T14:08:22","guid":{"rendered":"http:\/\/plazajuarez.mx\/index\/index.php\/2016\/12\/05\/instalan-en-pachuca-la-academia-estatal-de-matematicas\/"},"modified":"2016-12-05T14:08:22","modified_gmt":"2016-12-05T14:08:22","slug":"instalan-en-pachuca-la-academia-estatal-de-matematicas","status":"publish","type":"post","link":"https:\/\/plazajuarez.mx\/historico\/instalan-en-pachuca-la-academia-estatal-de-matematicas\/","title":{"rendered":"INSTALAN EN PACHUCA LA ACADEMIA ESTATAL DE MATEM\u00c1TICAS"},"content":{"rendered":"<p dir=\"ltr\" style=\"line-height: 1.2; margin-top: 0pt; margin-bottom: 0pt; text-align: justify;\"><span style=\"font-size: 14.666666666666666px; font-family: Arial; color: #000000; background-color: transparent; font-weight: 400; font-style: normal; font-variant: normal; text-decoration: none; vertical-align: baseline;\">La secretaria de Educaci\u00f3n P\u00fablica de Hidalgo, Sayonara Vargas Rodr\u00edguez, instal\u00f3 en Pachuca la Academia Estatal de Matem\u00e1ticas, integrada por instituciones p\u00fablicas y privadas de Educaci\u00f3n B\u00e1sica, Media Superior y Superior.<\/span><\/p>\n<p>  <!--more-->  <\/p>\n<div dir=\"ltr\" style=\"line-height: 1.2; margin-top: 0pt; margin-bottom: 0pt; text-align: justify;\">\u00a0<\/div>\n<p dir=\"ltr\" style=\"line-height: 1.2; margin-top: 0pt; margin-bottom: 0pt; text-align: justify;\"><span style=\"font-size: 14.666666666666666px; font-family: Arial; color: #000000; background-color: transparent; font-weight: 400; font-style: normal; font-variant: normal; text-decoration: none; vertical-align: baseline;\">En su mensaje, la titular de la SEPH celebr\u00f3 la conformaci\u00f3n de este cuerpo colegiado que tendr\u00e1 resultados positivos, as\u00ed como un impacto social y acad\u00e9mico decisivo en todas las estrategias de la ense\u00f1anza y el aprendizaje de las matem\u00e1ticas. <\/span><\/p>\n<p dir=\"ltr\" style=\"line-height: 1.2; margin-top: 0pt; margin-bottom: 0pt; text-align: justify;\">\u00a0<\/p>\n<p dir=\"ltr\" style=\"line-height: 1.2; margin-top: 0pt; margin-bottom: 0pt; text-align: justify;\"><span style=\"font-size: 14.666666666666666px; font-family: Arial; color: #000000; background-color: transparent; font-weight: 400; font-style: normal; font-variant: normal; text-decoration: none; vertical-align: baseline;\">Detall\u00f3 que la Academia definir\u00e1 acciones para atender problem\u00e1ticas identificadas en los procesos de ense\u00f1anza-aprendizaje, estableciendo metas por l\u00edneas de acci\u00f3n, y estrategias que se implementen en las escuelas. <\/span><\/p>\n<div dir=\"ltr\" style=\"line-height: 1.2; margin-top: 0pt; margin-bottom: 0pt; text-align: justify;\">\u00a0<\/div>\n<p dir=\"ltr\" style=\"line-height: 1.2; margin-top: 0pt; margin-bottom: 0pt; text-align: justify;\"><span style=\"font-size: 14.666666666666666px; font-family: Arial; color: #000000; background-color: transparent; font-weight: 400; font-style: normal; font-variant: normal; text-decoration: none; vertical-align: baseline;\">Sayonara detall\u00f3 que se trabajar\u00e1 tambi\u00e9n en el desarrollo de las habilidades docentes para la ense\u00f1anza de las matem\u00e1ticas. Asimismo, se\u00f1al\u00f3 que las y los integrantes de esta Academia participar\u00e1n aportando su talento y conocimiento en dicha \u00e1rea, la cual es fundamental en la formaci\u00f3n educativa de las ni\u00f1as, ni\u00f1os y j\u00f3venes hidalguenses. <\/span><\/p>\n<p dir=\"ltr\" style=\"line-height: 1.2; margin-top: 0pt; margin-bottom: 0pt; text-align: justify;\">\u00a0<\/p>\n<p dir=\"ltr\" style=\"line-height: 1.2; margin-top: 0pt; margin-bottom: 0pt; text-align: justify;\"><span style=\"font-size: 14.666666666666666px; font-family: Arial; color: #000000; background-color: transparent; font-weight: 400; font-style: normal; font-variant: normal; text-decoration: none; vertical-align: baseline;\">El subsecretario de Educaci\u00f3n B\u00e1sica, Manuel Francisco Vidales Silva, destac\u00f3 \u00a0que la Academia Estatal de Matem\u00e1ticas tiene como prop\u00f3sito incentivar el gusto por el conocimiento de esa ciencia exacta.<\/span><\/p>\n<div dir=\"ltr\" style=\"line-height: 1.2; margin-top: 0pt; margin-bottom: 0pt; text-align: justify;\">\u00a0<\/div>\n<p dir=\"ltr\" style=\"line-height: 1.2; margin-top: 0pt; margin-bottom: 0pt; text-align: justify;\"><span style=\"font-size: 14.666666666666666px; font-family: Arial; color: #000000; background-color: transparent; font-weight: 400; font-style: normal; font-variant: normal; text-decoration: none; vertical-align: baseline;\">Resalt\u00f3 que la enorme utilidad de las matem\u00e1ticas en todos los \u00e1mbitos de la cotidianidad, hace de esta disciplina una herramienta de primer orden. Indic\u00f3 que se busca propiciar mejoras en la ense\u00f1anza y desarrollo del pensamiento matem\u00e1tico en los estudiantes, al tiempo que sostuvo que quienes integran esta Academia Estatal pondr\u00e1n su mejor esfuerzo para que Hidalgo sea paradigma en la ense\u00f1anza-aprendizaje de esta disciplina.<\/span><\/p>\n","protected":false},"excerpt":{"rendered":"<p>La secretaria de Educaci\u00f3n P\u00fablica de Hidalgo, Sayonara Vargas Rodr\u00edguez, instal\u00f3 en Pachuca la Academia Estatal de Matem\u00e1ticas, integrada por instituciones p\u00fablicas y privadas de Educaci\u00f3n B\u00e1sica, Media Superior y Superior.<\/p>\n","protected":false},"author":3,"featured_media":0,"comment_status":"open","ping_status":"open","sticky":false,"template":"","format":"standard","meta":{"footnotes":""},"categories":[59],"tags":[],"class_list":["post-32882","post","type-post","status-publish","format-standard","hentry","category-general"],"_links":{"self":[{"href":"https:\/\/plazajuarez.mx\/historico\/wp-json\/wp\/v2\/posts\/32882","targetHints":{"allow":["GET"]}}],"collection":[{"href":"https:\/\/plazajuarez.mx\/historico\/wp-json\/wp\/v2\/posts"}],"about":[{"href":"https:\/\/plazajuarez.mx\/historico\/wp-json\/wp\/v2\/types\/post"}],"author":[{"embeddable":true,"href":"https:\/\/plazajuarez.mx\/historico\/wp-json\/wp\/v2\/users\/3"}],"replies":[{"embeddable":true,"href":"https:\/\/plazajuarez.mx\/historico\/wp-json\/wp\/v2\/comments?post=32882"}],"version-history":[{"count":0,"href":"https:\/\/plazajuarez.mx\/historico\/wp-json\/wp\/v2\/posts\/32882\/revisions"}],"wp:attachment":[{"href":"https:\/\/plazajuarez.mx\/historico\/wp-json\/wp\/v2\/media?parent=32882"}],"wp:term":[{"taxonomy":"category","embeddable":true,"href":"https:\/\/plazajuarez.mx\/historico\/wp-json\/wp\/v2\/categories?post=32882"},{"taxonomy":"post_tag","embeddable":true,"href":"https:\/\/plazajuarez.mx\/historico\/wp-json\/wp\/v2\/tags?post=32882"}],"curies":[{"name":"wp","href":"https:\/\/api.w.org\/{rel}","templated":true}]}}