{"id":32881,"date":"2016-12-05T14:06:55","date_gmt":"2016-12-05T14:06:55","guid":{"rendered":"http:\/\/plazajuarez.mx\/index\/index.php\/2016\/12\/05\/los-jovenes-y-la-poesia\/"},"modified":"2016-12-05T14:06:55","modified_gmt":"2016-12-05T14:06:55","slug":"los-jovenes-y-la-poesia","status":"publish","type":"post","link":"https:\/\/plazajuarez.mx\/historico\/los-jovenes-y-la-poesia\/","title":{"rendered":"LOS J\u00d3VENES Y LA POES\u00cdA"},"content":{"rendered":"<p id=\"docs-internal-guid-45cbd047-cf4f-ae27-8f24-9e703baef085\" dir=\"ltr\" style=\"line-height: 1.2; margin-top: 14pt; margin-bottom: 0pt; text-align: left;\"><span style=\"font-size: 13.333333333333332px; font-family: Arial; color: #000000; background-color: transparent; font-weight: 400; font-style: italic; font-variant: normal; text-decoration: none; vertical-align: baseline;\"><br class=\"kix-line-break\" \/><\/span><span style=\"font-size: 13.333333333333332px; font-family: Arial; color: #000000; background-color: transparent; font-weight: 400; font-style: italic; font-variant: normal; text-decoration: none; vertical-align: baseline;\">\u201cA veces, en las tardes, una cara<\/span><\/p>\n<p dir=\"ltr\" style=\"line-height: 1.2; margin-top: 14pt; margin-bottom: 0pt; text-align: left;\"><span style=\"font-size: 13.333333333333332px; font-family: Arial; color: #000000; background-color: transparent; font-weight: 400; font-style: italic; font-variant: normal; text-decoration: none; vertical-align: baseline;\">nos mira desde el fondo de un espejo;<\/span><\/p>\n<p dir=\"ltr\" style=\"line-height: 1.2; margin-top: 14pt; margin-bottom: 0pt; text-align: left;\"><span style=\"font-size: 13.333333333333332px; font-family: Arial; color: #000000; background-color: transparent; font-weight: 400; font-style: italic; font-variant: normal; text-decoration: none; vertical-align: baseline;\">el arte debe ser como ese espejo<\/span><\/p>\n<p dir=\"ltr\" style=\"line-height: 1.2; margin-top: 14pt; margin-bottom: 0pt; text-align: left;\"><span style=\"font-size: 13.333333333333332px; font-family: Arial; color: #000000; background-color: transparent; font-weight: 400; font-style: italic; font-variant: normal; text-decoration: none; vertical-align: baseline;\">que nos revela nuestra propia cara\u201d.<\/span><\/p>\n<p dir=\"ltr\" style=\"line-height: 1.2; margin-top: 14pt; margin-bottom: 0pt; text-align: right;\"><span style=\"font-size: 13.333333333333332px; font-family: Arial; color: #000000; background-color: transparent; font-weight: 400; font-style: italic; font-variant: normal; text-decoration: none; vertical-align: baseline;\">\u00a0<\/span><\/p>\n<p dir=\"ltr\" style=\"line-height: 1.2; margin-top: 14pt; margin-bottom: 0pt; text-align: left;\"><span style=\"font-size: 13.333333333333332px; font-family: Arial; color: #000000; background-color: transparent; font-weight: bold; font-style: italic; font-variant: normal; text-decoration: none; vertical-align: baseline;\">Jorge Luis Borges.<\/span><\/p>\n<p>  <!--more-->  <\/p>\n<p dir=\"ltr\" style=\"line-height: 1.2; margin-top: 14pt; margin-bottom: 0pt; text-align: right;\"><span style=\"font-size: 13.333333333333332px; font-family: Arial; color: #000000; background-color: transparent; font-weight: bold; font-style: normal; font-variant: normal; text-decoration: none; vertical-align: baseline;\">\u00a0<\/span><\/p>\n<p dir=\"ltr\" style=\"line-height: 1.2; margin-top: 14pt; margin-bottom: 0pt; text-align: justify;\"><span style=\"font-size: 16px; font-family: Arial; color: #000000; background-color: transparent; font-weight: bold; font-style: normal; font-variant: normal; text-decoration: none; vertical-align: baseline;\">\u00a0<\/span><\/p>\n<p dir=\"ltr\" style=\"line-height: 1.2; margin-top: 14pt; margin-bottom: 0pt; text-align: justify;\"><span style=\"font-size: 16px; font-family: Arial; color: #000000; background-color: transparent; font-weight: 400; font-style: normal; font-variant: normal; text-decoration: none; vertical-align: baseline;\">\u00a0<\/span><\/p>\n<p dir=\"ltr\" style=\"line-height: 1.2; margin-top: 14pt; margin-bottom: 0pt; text-align: justify;\"><span style=\"font-size: 16px; font-family: Arial; color: #000000; background-color: transparent; font-weight: 400; font-style: normal; font-variant: normal; text-decoration: none; vertical-align: baseline;\">Alejamiento, menosprecio, incomprensi\u00f3n, insensibilidad, pragmatismo, destrucci\u00f3n del idioma en los medios electr\u00f3nicos, en las redes sociales\u2026\u00a0 \u00c9ste es, en general, el triste panorama con que se encuentra el ars po\u00e9tica en nuestros d\u00edas.<\/span><\/p>\n<p dir=\"ltr\" style=\"line-height: 1.2; margin-top: 14pt; margin-bottom: 0pt; text-align: justify;\"><span style=\"font-size: 16px; font-family: Arial; color: #000000; background-color: transparent; font-weight: 400; font-style: normal; font-variant: normal; text-decoration: none; vertical-align: baseline;\">\u00a0<\/span><\/p>\n<p dir=\"ltr\" style=\"line-height: 1.2; margin-top: 14pt; margin-bottom: 0pt; text-align: justify;\"><span style=\"font-size: 16px; font-family: Arial; color: #000000; background-color: transparent; font-weight: 400; font-style: normal; font-variant: normal; text-decoration: none; vertical-align: baseline;\">Por eso, alienta la publicaci\u00f3n del libro <\/span><span style=\"font-size: 16px; font-family: Arial; color: #000000; background-color: transparent; font-weight: 400; font-style: italic; font-variant: normal; text-decoration: none; vertical-align: baseline;\">Venablos Incandescentes<\/span><span style=\"font-size: 16px; font-family: Arial; color: #000000; background-color: transparent; font-weight: 400; font-style: normal; font-variant: normal; text-decoration: none; vertical-align: baseline;\"> de Salvador Franco Cravioto.<\/span><\/p>\n<p dir=\"ltr\" style=\"line-height: 1.2; margin-top: 14pt; margin-bottom: 0pt; text-align: justify;\"><span style=\"font-size: 16px; font-family: Arial; color: #000000; background-color: transparent; font-weight: 400; font-style: normal; font-variant: normal; text-decoration: none; vertical-align: baseline;\">\u00a0<\/span><\/p>\n<p dir=\"ltr\" style=\"line-height: 1.2; margin-top: 14pt; margin-bottom: 0pt; text-align: justify;\"><span style=\"font-size: 16px; font-family: Arial; color: #000000; background-color: transparent; font-weight: 400; font-style: normal; font-variant: normal; text-decoration: none; vertical-align: baseline;\">Arist\u00f3teles, quien dentro de su obra enciclop\u00e9dica, escribi\u00f3 <\/span><span style=\"font-size: 16px; font-family: Arial; color: #000000; background-color: transparent; font-weight: 400; font-style: italic; font-variant: normal; text-decoration: none; vertical-align: baseline;\">Po\u00e9tica<\/span><span style=\"font-size: 16px; font-family: Arial; color: #000000; background-color: transparent; font-weight: 400; font-style: normal; font-variant: normal; text-decoration: none; vertical-align: baseline;\">; dec\u00eda que todas las cosas est\u00e1n compuestas por forma y materia; las dos son importantes, sin embargo, es la forma y no la materia la que determina que algo sea lo que es. Pretender\u00e9 explicarme: un mont\u00f3n de tablas, es la materia para fabricar una mesa; pero no es la mesa misma; s\u00f3lo lo ser\u00e1, cuando alguien le d\u00e9 esa forma.\u00a0 De igual manera, la poes\u00eda no es tan solo un c\u00famulo de palabras con cierto orden, si no se rige por las normas de la Preceptiva literaria.<\/span><\/p>\n<p dir=\"ltr\" style=\"line-height: 1.2; margin-top: 14pt; margin-bottom: 0pt; text-align: justify;\"><span style=\"font-size: 16px; font-family: Arial; color: #000000; background-color: transparent; font-weight: 400; font-style: normal; font-variant: normal; text-decoration: none; vertical-align: baseline;\">\u00a0<\/span><\/p>\n<p dir=\"ltr\" style=\"line-height: 1.2; margin-top: 14pt; margin-bottom: 0pt; text-align: justify;\"><span style=\"font-size: 16px; font-family: Arial; color: #000000; background-color: transparent; font-weight: 400; font-style: normal; font-variant: normal; text-decoration: none; vertical-align: baseline;\">Adem\u00e1s de Arist\u00f3teles, destacados poetas en diferentes \u00e9pocas, escuelas y corrientes literarias pretenden explicar este fen\u00f3meno.\u00a0 El chileno Vicente Huidobro, representante del \u201cCreacionismo\u201d afirma que la poes\u00eda debe prescindir de la naturaleza como tal e inventarse una propia.\u00a0 En su poema Arte Po\u00e9tica, Huidobro pontifica:<\/span><\/p>\n<p dir=\"ltr\" style=\"line-height: 1.2; margin-top: 14pt; margin-bottom: 0pt; text-align: center;\"><span style=\"font-size: 16px; font-family: Arial; color: #000000; background-color: transparent; font-weight: 400; font-style: normal; font-variant: normal; text-decoration: none; vertical-align: baseline;\">\u201cQue el verso sea como una llave<\/span><\/p>\n<p dir=\"ltr\" style=\"line-height: 1.2; margin-top: 14pt; margin-bottom: 0pt; text-align: center;\"><span style=\"font-size: 16px; font-family: Arial; color: #000000; background-color: transparent; font-weight: 400; font-style: normal; font-variant: normal; text-decoration: none; vertical-align: baseline;\">que abre mil puertas\u2026<\/span><\/p>\n<p dir=\"ltr\" style=\"line-height: 1.2; margin-top: 14pt; margin-bottom: 0pt; text-align: center;\"><span style=\"font-size: 16px; font-family: Arial; color: #000000; background-color: transparent; font-weight: 400; font-style: normal; font-variant: normal; text-decoration: none; vertical-align: baseline;\">cuanto miren los ojos creado sea<\/span><\/p>\n<p dir=\"ltr\" style=\"line-height: 1.2; margin-top: 14pt; margin-bottom: 0pt; text-align: center;\"><span style=\"font-size: 16px; font-family: Arial; color: #000000; background-color: transparent; font-weight: 400; font-style: normal; font-variant: normal; text-decoration: none; vertical-align: baseline;\">y el alma del oyente quedar\u00e1 temblando.<\/span><\/p>\n<p dir=\"ltr\" style=\"line-height: 1.2; margin-top: 14pt; margin-bottom: 0pt; text-align: center;\"><span style=\"font-size: 16px; font-family: Arial; color: #000000; background-color: transparent; font-weight: 400; font-style: normal; font-variant: normal; text-decoration: none; vertical-align: baseline;\">Inventa mundos nuevos y cuida tu palabra;<\/span><\/p>\n<p dir=\"ltr\" style=\"line-height: 1.2; margin-top: 14pt; margin-bottom: 0pt; text-align: center;\"><span style=\"font-size: 16px; font-family: Arial; color: #000000; background-color: transparent; font-weight: 400; font-style: normal; font-variant: normal; text-decoration: none; vertical-align: baseline;\">El adjetivo cuando no da vida, mata.<\/span><\/p>\n<p dir=\"ltr\" style=\"line-height: 1.2; margin-top: 14pt; margin-bottom: 0pt; text-align: center;\"><span style=\"font-size: 16px; font-family: Arial; color: #000000; background-color: transparent; font-weight: 400; font-style: normal; font-variant: normal; text-decoration: none; vertical-align: baseline;\">\u00a0<\/span><\/p>\n<p dir=\"ltr\" style=\"line-height: 1.2; margin-top: 14pt; margin-bottom: 0pt; text-align: center;\"><span style=\"font-size: 16px; font-family: Arial; color: #000000; background-color: transparent; font-weight: 400; font-style: normal; font-variant: normal; text-decoration: none; vertical-align: baseline;\">Por qu\u00e9 cant\u00e1is la rosa, \u00a1oh Poetas!<\/span><\/p>\n<p dir=\"ltr\" style=\"line-height: 1.2; margin-top: 14pt; margin-bottom: 0pt; text-align: center;\"><span style=\"font-size: 16px; font-family: Arial; color: #000000; background-color: transparent; font-weight: 400; font-style: normal; font-variant: normal; text-decoration: none; vertical-align: baseline;\">Hacedla florecer en el poema.<\/span><\/p>\n<p dir=\"ltr\" style=\"line-height: 1.2; margin-top: 14pt; margin-bottom: 0pt; text-align: center;\"><span style=\"font-size: 16px; font-family: Arial; color: #000000; background-color: transparent; font-weight: 400; font-style: normal; font-variant: normal; text-decoration: none; vertical-align: baseline;\">S\u00f3lo para nosotros<\/span><\/p>\n<p dir=\"ltr\" style=\"line-height: 1.2; margin-top: 14pt; margin-bottom: 0pt; text-align: center;\"><span style=\"font-size: 16px; font-family: Arial; color: #000000; background-color: transparent; font-weight: 400; font-style: normal; font-variant: normal; text-decoration: none; vertical-align: baseline;\">viven todas las cosas bajo el sol.<\/span><\/p>\n<p dir=\"ltr\" style=\"line-height: 1.2; margin-top: 14pt; margin-bottom: 0pt; text-align: center;\"><span style=\"font-size: 16px; font-family: Arial; color: #000000; background-color: transparent; font-weight: 400; font-style: normal; font-variant: normal; text-decoration: none; vertical-align: baseline;\">El poeta es un peque\u00f1o Dios.<\/span><\/p>\n<p dir=\"ltr\" style=\"line-height: 1.2; margin-top: 14pt; margin-bottom: 0pt; text-align: center;\"><span style=\"font-size: 16px; font-family: Arial; color: #000000; background-color: transparent; font-weight: 400; font-style: normal; font-variant: normal; text-decoration: none; vertical-align: baseline;\">\u00a0<\/span><\/p>\n<p dir=\"ltr\" style=\"line-height: 1.2; margin-top: 14pt; margin-bottom: 0pt; text-align: justify;\"><span style=\"font-size: 16px; font-family: Arial; color: #000000; background-color: transparent; font-weight: 400; font-style: normal; font-variant: normal; text-decoration: none; vertical-align: baseline;\">Jorge Luis Borges, en un poema de igual titulo escribi\u00f3:<\/span><\/p>\n<p dir=\"ltr\" style=\"line-height: 1.2; margin-top: 14pt; margin-bottom: 0pt; text-align: justify;\"><span style=\"font-size: 16px; font-family: Arial; color: #000000; background-color: transparent; font-weight: 400; font-style: normal; font-variant: normal; text-decoration: none; vertical-align: baseline;\">\u00a0<\/span><\/p>\n<p dir=\"ltr\" style=\"line-height: 1.2; margin-top: 14pt; margin-bottom: 0pt; text-align: center;\"><span style=\"font-size: 16px; font-family: Arial; color: #000000; background-color: transparent; font-weight: 400; font-style: normal; font-variant: normal; text-decoration: none; vertical-align: baseline;\">Mirar el r\u00edo hecho de tiempo y agua<\/span><\/p>\n<p dir=\"ltr\" style=\"line-height: 1.2; margin-top: 14pt; margin-bottom: 0pt; text-align: center;\"><span style=\"font-size: 16px; font-family: Arial; color: #000000; background-color: transparent; font-weight: 400; font-style: normal; font-variant: normal; text-decoration: none; vertical-align: baseline;\">y recordar que el tiempo es otro r\u00edo,<\/span><\/p>\n<p dir=\"ltr\" style=\"line-height: 1.2; margin-top: 14pt; margin-bottom: 0pt; text-align: center;\"><span style=\"font-size: 16px; font-family: Arial; color: #000000; background-color: transparent; font-weight: 400; font-style: normal; font-variant: normal; text-decoration: none; vertical-align: baseline;\">saber que nos perdemos como el r\u00edo<\/span><\/p>\n<p dir=\"ltr\" style=\"line-height: 1.2; margin-top: 14pt; margin-bottom: 0pt; text-align: center;\"><span style=\"font-size: 16px; font-family: Arial; color: #000000; background-color: transparent; font-weight: 400; font-style: normal; font-variant: normal; text-decoration: none; vertical-align: baseline;\">y que los rostros pasan como el agua.<\/span><\/p>\n<p dir=\"ltr\" style=\"line-height: 1.2; margin-top: 14pt; margin-bottom: 0pt; text-align: center;\"><span style=\"font-size: 16px; font-family: Arial; color: #000000; background-color: transparent; font-weight: 400; font-style: normal; font-variant: normal; text-decoration: none; vertical-align: baseline;\">\u00a0<\/span><\/p>\n<p dir=\"ltr\" style=\"line-height: 1.2; margin-top: 14pt; margin-bottom: 0pt; text-align: center;\"><span style=\"font-size: 16px; font-family: Arial; color: #000000; background-color: transparent; font-weight: 400; font-style: normal; font-variant: normal; text-decoration: none; vertical-align: baseline;\">Sentir que la vigilia es otro sue\u00f1o<\/span><\/p>\n<p dir=\"ltr\" style=\"line-height: 1.2; margin-top: 14pt; margin-bottom: 0pt; text-align: center;\"><span style=\"font-size: 16px; font-family: Arial; color: #000000; background-color: transparent; font-weight: 400; font-style: normal; font-variant: normal; text-decoration: none; vertical-align: baseline;\">que sue\u00f1a no so\u00f1ar y que la muerte<\/span><\/p>\n<p dir=\"ltr\" style=\"line-height: 1.2; margin-top: 14pt; margin-bottom: 0pt; text-align: center;\"><span style=\"font-size: 16px; font-family: Arial; color: #000000; background-color: transparent; font-weight: 400; font-style: normal; font-variant: normal; text-decoration: none; vertical-align: baseline;\">que teme nuestra carne es esa muerte<\/span><\/p>\n<p dir=\"ltr\" style=\"line-height: 1.2; margin-top: 14pt; margin-bottom: 0pt; text-align: center;\"><span style=\"font-size: 16px; font-family: Arial; color: #000000; background-color: transparent; font-weight: 400; font-style: normal; font-variant: normal; text-decoration: none; vertical-align: baseline;\">de cada noche, que se llama sue\u00f1o.<\/span><\/p>\n<p dir=\"ltr\" style=\"line-height: 1.2; margin-top: 14pt; margin-bottom: 0pt; text-align: center;\"><span style=\"font-size: 16px; font-family: Arial; color: #000000; background-color: transparent; font-weight: 400; font-style: normal; font-variant: normal; text-decoration: none; vertical-align: baseline;\">\u00a0<\/span><\/p>\n<p dir=\"ltr\" style=\"line-height: 1.2; margin-top: 14pt; margin-bottom: 0pt; text-align: center;\"><span style=\"font-size: 16px; font-family: Arial; color: #000000; background-color: transparent; font-weight: 400; font-style: normal; font-variant: normal; text-decoration: none; vertical-align: baseline;\">Ver en la muerte el sue\u00f1o, en el ocaso<\/span><\/p>\n<p dir=\"ltr\" style=\"line-height: 1.2; margin-top: 14pt; margin-bottom: 0pt; text-align: center;\"><span style=\"font-size: 16px; font-family: Arial; color: #000000; background-color: transparent; font-weight: 400; font-style: normal; font-variant: normal; text-decoration: none; vertical-align: baseline;\">un triste oro, tal es la poes\u00eda<\/span><\/p>\n<p dir=\"ltr\" style=\"line-height: 1.2; margin-top: 14pt; margin-bottom: 0pt; text-align: center;\"><span style=\"font-size: 16px; font-family: Arial; color: #000000; background-color: transparent; font-weight: 400; font-style: normal; font-variant: normal; text-decoration: none; vertical-align: baseline;\">que es inmortal y pobre.\u00a0 La poes\u00eda<\/span><\/p>\n<p dir=\"ltr\" style=\"line-height: 1.2; margin-top: 14pt; margin-bottom: 0pt; text-align: center;\"><span style=\"font-size: 16px; font-family: Arial; color: #000000; background-color: transparent; font-weight: 400; font-style: normal; font-variant: normal; text-decoration: none; vertical-align: baseline;\">vuelve como la aurora y el ocaso.<\/span><\/p>\n<p dir=\"ltr\" style=\"line-height: 1.2; margin-top: 14pt; margin-bottom: 0pt; text-align: center;\"><span style=\"font-size: 16px; font-family: Arial; color: #000000; background-color: transparent; font-weight: 400; font-style: normal; font-variant: normal; text-decoration: none; vertical-align: baseline;\">\u00a0<\/span><\/p>\n<p dir=\"ltr\" style=\"line-height: 1.2; margin-top: 14pt; margin-bottom: 0pt; text-align: justify;\"><span style=\"font-size: 16px; font-family: Arial; color: #000000; background-color: transparent; font-weight: 400; font-style: normal; font-variant: normal; text-decoration: none; vertical-align: baseline;\">En ambos casos se habla de la esencia po\u00e9tica, de su inmortalidad, de su interminable pasar como r\u00edo o como tiempo.\u00a0 Como la aurora vuelve y vuelve como el ocaso.\u00a0 La poes\u00eda es el espejo donde nos vemos a nosotros mismos (como lo dice Borges en el ep\u00edgrafe).\u00a0 La poes\u00eda se presenta como fuente eterna de esperanza y de representaci\u00f3n humana.\u00a0 Estos dos poemas ayudan a comprender el arte po\u00e9tica; a entender que la poes\u00eda se explica y justifica a s\u00ed misma.<\/span><\/p>\n<p dir=\"ltr\" style=\"line-height: 1.2; margin-top: 14pt; margin-bottom: 0pt; text-align: justify;\"><span style=\"font-size: 16px; font-family: Arial; color: #000000; background-color: transparent; font-weight: 400; font-style: normal; font-variant: normal; text-decoration: none; vertical-align: baseline;\">\u00a0<\/span><\/p>\n<p dir=\"ltr\" style=\"line-height: 1.2; margin-top: 14pt; margin-bottom: 0pt; text-align: justify;\"><span style=\"font-size: 16px; font-family: Arial; color: #000000; background-color: transparent; font-weight: 400; font-style: normal; font-variant: normal; text-decoration: none; vertical-align: baseline;\">Huidobro no cuida la m\u00e9trica ni la rima; sin embargo, su verso es r\u00edtmico, libre y vigoroso. Borges, en cambio es perfeccionista, cuidadoso del ritmo, de la rima, de los distintos significados que una misma palabra tiene en la estructura de un poema.\u00a0 Toda proporci\u00f3n guardada, nuestro Renato Leduc jug\u00f3 con la ausencia de rima para la palabra tiempo, en las catorce rejas de un soneto, que en forma de canci\u00f3n recibe el homenaje popular.<\/span><\/p>\n<p dir=\"ltr\" style=\"line-height: 1.2; margin-top: 14pt; margin-bottom: 0pt; text-align: justify;\"><span style=\"font-size: 16px; font-family: Arial; color: #000000; background-color: transparent; font-weight: 400; font-style: normal; font-variant: normal; text-decoration: none; vertical-align: baseline;\">\u00a0<\/span><\/p>\n<p dir=\"ltr\" style=\"line-height: 1.2; margin-top: 14pt; margin-bottom: 0pt; text-align: justify;\"><span style=\"font-size: 16px; font-family: Arial; color: #000000; background-color: transparent; font-weight: 400; font-style: normal; font-variant: normal; text-decoration: none; vertical-align: baseline;\">Mi inolvidable Maestro, Don Jes\u00fas \u00c1ngeles Contreras, era un cr\u00edtico despiadado cuando se trataba de respetar las reglas preceptivas y de encuadrar la met\u00e1fora en las exigencias de las estructuras cl\u00e1sicas.\u00a0 Lo mismo ocurr\u00eda con otros hidalguenses grandes como Isaac Pi\u00f1a P\u00e9rez, Genaro Guzm\u00e1n Mayer, Bibiano G\u00f3mez Quezada, Alfredo Guti\u00e9rrez y otros miembros de la famosa \u201cColmena L\u00edrica de Pachuca\u201d.<\/span><\/p>\n<p dir=\"ltr\" style=\"line-height: 1.2; margin-top: 14pt; margin-bottom: 0pt; text-align: justify;\"><span style=\"font-size: 16px; font-family: Arial; color: #000000; background-color: transparent; font-weight: 400; font-style: normal; font-variant: normal; text-decoration: none; vertical-align: baseline;\">\u00a0<\/span><\/p>\n<p dir=\"ltr\" style=\"line-height: 1.2; margin-top: 14pt; margin-bottom: 0pt; text-align: justify;\"><span style=\"font-size: 16px; font-family: Arial; color: #000000; background-color: transparent; font-weight: 400; font-style: normal; font-variant: normal; text-decoration: none; vertical-align: baseline;\">Menci\u00f3n aparte merece en la poes\u00eda er\u00f3tica el actopense Efr\u00e9n Rebolledo.<\/span><\/p>\n<p dir=\"ltr\" style=\"line-height: 1.2; margin-top: 14pt; margin-bottom: 0pt; text-align: justify;\"><span style=\"font-size: 16px; font-family: Arial; color: #000000; background-color: transparent; font-weight: 400; font-style: normal; font-variant: normal; text-decoration: none; vertical-align: baseline;\">Adem\u00e1s de esa herencia hist\u00f3rica, Salvador Franco Cravioto recibe como herencia familiar la vena po\u00e9tica.\u00a0 Baste recordar \u201cEl alma nueva de las cosas viejas\u201d de Alfonso Cravioto Mejorada y \u201cAlada arquitectura de la rosa\u201d de Rafael Cravioto Mu\u00f1oz.<\/span><\/p>\n<p dir=\"ltr\" style=\"line-height: 1.2; margin-top: 14pt; margin-bottom: 0pt; text-align: justify;\"><span style=\"font-size: 16px; font-family: Arial; color: #000000; background-color: transparent; font-weight: 400; font-style: normal; font-variant: normal; text-decoration: none; vertical-align: baseline;\">\u00a0<\/span><\/p>\n<p dir=\"ltr\" style=\"line-height: 1.2; margin-top: 14pt; margin-bottom: 0pt; text-align: justify;\"><span style=\"font-size: 16px; font-family: Arial; color: #000000; background-color: transparent; font-weight: 400; font-style: normal; font-variant: normal; text-decoration: none; vertical-align: baseline;\">Este joven valor de nuestras letras, hace poes\u00eda desde el t\u00edtulo de su libro; despu\u00e9s recurre a las ra\u00edces de la cosmogon\u00eda azteca, h\u00f1a-h\u00f1u, huasteca\u2026, as\u00ed como de la mitolog\u00eda grecolatina y de otras deidades orientales, para nutrir la libertad de su verso, el cual fluye como el r\u00edo de Her\u00e1clito, siempre diferente pero igual a s\u00ed mismo.\u00a0 \u201cVenablos Incandescentes\u201d es un gran libro, surgido de la pluma de un gran poeta en ciernes, a quien auguro, en este campo un promisorio futuro.<\/span><\/p>\n<p dir=\"ltr\" style=\"line-height: 1.2; margin-top: 14pt; margin-bottom: 0pt; text-align: justify;\"><span style=\"font-size: 16px; font-family: Arial; color: #000000; background-color: transparent; font-weight: 400; font-style: normal; font-variant: normal; text-decoration: none; vertical-align: baseline;\">\u00a0<\/span><\/p>\n","protected":false},"excerpt":{"rendered":"<p>\u201cA veces, en las tardes, una cara nos mira desde el fondo de un espejo; el arte debe ser como ese espejo que nos revela nuestra propia cara\u201d. \u00a0 Jorge Luis Borges.<\/p>\n","protected":false},"author":3,"featured_media":0,"comment_status":"open","ping_status":"open","sticky":false,"template":"","format":"standard","meta":{"footnotes":""},"categories":[42],"tags":[],"class_list":["post-32881","post","type-post","status-publish","format-standard","hentry","category-nuestrapalabra"],"_links":{"self":[{"href":"https:\/\/plazajuarez.mx\/historico\/wp-json\/wp\/v2\/posts\/32881","targetHints":{"allow":["GET"]}}],"collection":[{"href":"https:\/\/plazajuarez.mx\/historico\/wp-json\/wp\/v2\/posts"}],"about":[{"href":"https:\/\/plazajuarez.mx\/historico\/wp-json\/wp\/v2\/types\/post"}],"author":[{"embeddable":true,"href":"https:\/\/plazajuarez.mx\/historico\/wp-json\/wp\/v2\/users\/3"}],"replies":[{"embeddable":true,"href":"https:\/\/plazajuarez.mx\/historico\/wp-json\/wp\/v2\/comments?post=32881"}],"version-history":[{"count":0,"href":"https:\/\/plazajuarez.mx\/historico\/wp-json\/wp\/v2\/posts\/32881\/revisions"}],"wp:attachment":[{"href":"https:\/\/plazajuarez.mx\/historico\/wp-json\/wp\/v2\/media?parent=32881"}],"wp:term":[{"taxonomy":"category","embeddable":true,"href":"https:\/\/plazajuarez.mx\/historico\/wp-json\/wp\/v2\/categories?post=32881"},{"taxonomy":"post_tag","embeddable":true,"href":"https:\/\/plazajuarez.mx\/historico\/wp-json\/wp\/v2\/tags?post=32881"}],"curies":[{"name":"wp","href":"https:\/\/api.w.org\/{rel}","templated":true}]}}