{"id":32880,"date":"2016-12-05T14:06:43","date_gmt":"2016-12-05T14:06:43","guid":{"rendered":"http:\/\/plazajuarez.mx\/index\/index.php\/2016\/12\/05\/adicion-al-articulo-96-del-codigo-penal-vigente-en-el-estado-2-parte\/"},"modified":"2016-12-05T14:06:43","modified_gmt":"2016-12-05T14:06:43","slug":"adicion-al-articulo-96-del-codigo-penal-vigente-en-el-estado-2-parte","status":"publish","type":"post","link":"https:\/\/plazajuarez.mx\/historico\/adicion-al-articulo-96-del-codigo-penal-vigente-en-el-estado-2-parte\/","title":{"rendered":"ADICI\u00d3N AL ART\u00cdCULO 96 DEL C\u00d3DIGO PENAL VIGENTE EN EL ESTADO (2\u00aa parte)"},"content":{"rendered":"<p dir=\"ltr\" style=\"line-height: 1.2; margin-top: 0pt; margin-bottom: 0pt;\"><span style=\"font-size: 14.666666666666666px; font-family: Calibri; color: #000000; background-color: transparent; font-weight: 400; font-style: normal; font-variant: normal; text-decoration: none; vertical-align: baseline;\">Esto debe de entenderse como un acto de justicia, con el fin de que en la parte final de la vida del sentenciado no permanezca tras las rejas, en virtud de que en todo momento se debe actuar con apego a la ley al sancionar conductas merecedoras de la pena de prisi\u00f3n, pero tambi\u00e9n debemos estar dispuestos a lograr que se apliquen principios de equidad y solidaridad hacia quienes se encuentran ya en situaciones espec\u00edficas de vulnerabilidad, como es el caso de los adultos mayores de 70 a\u00f1os, con mengua en sus capacidades f\u00edsicas y mentales, o bien para reos que padezcan alguna enfermedad grave por la cual no puedan responder ya a los cambios, agresiones y riesgos del medio que los rodea en un entorno que puede llegar a ser extremadamente severo en las prisiones.<\/span><\/p>\n<p>  <!--more-->  <\/p>\n<p dir=\"ltr\" style=\"line-height: 1.2; margin-top: 0pt; margin-bottom: 0pt;\"><span style=\"font-size: 14.666666666666666px; font-family: Calibri; color: #000000; background-color: transparent; font-weight: 400; font-style: normal; font-variant: normal; text-decoration: none; vertical-align: baseline;\">Tambi\u00e9n es de considerarse que los adultos mayores en prisi\u00f3n, o bien los reos enfermos de gravedad, enfrentan un estado de indefensi\u00f3n progresiva y por lo tanto ya no representan un riesgo para la sociedad o para las v\u00edctimas, por lo que la pena de prisi\u00f3n se convierte en innecesaria e incluso en inhumana, al grado de que es irracional mantener a la persona bajo el castigo de privaci\u00f3n de su libertad, con lo cual la pena deja de ser ejemplar.<\/span><\/p>\n<p dir=\"ltr\" style=\"line-height: 1.2; margin-top: 0pt; margin-bottom: 0pt;\"><span style=\"font-size: 14.666666666666666px; font-family: Calibri; color: #000000; background-color: transparent; font-weight: 400; font-style: normal; font-variant: normal; text-decoration: none; vertical-align: baseline;\">Ahora bien, para el otorgamiento del beneficio de referencia se deber\u00e1 de cumplir con los requisitos siguientes: en primer lugar, ser mayor de 70 a\u00f1os o bien que el reo padezca alguna enfermedad grave as\u00ed referida por el consejo t\u00e9cnico interdisciplinario del centro de reclusi\u00f3n, de manera que se demuestre que dicho reo no puede compurgar la pena por ser \u00e9sta incompatible con su edad o estado de salud, que a juicio de la Direcci\u00f3n de Prevenci\u00f3n y Reinserci\u00f3n Social el interno est\u00e1 en condiciones de no volver a delinquir, que no haya sido condenado por delito grave o por delincuencia organizada, que termine de compurgar la condena en su domicilio con supervisi\u00f3n de la Direcci\u00f3n de Prevenci\u00f3n y Reinserci\u00f3n Social, que se haya pagado la reparaci\u00f3n del da\u00f1o y que se haya obtenido el informe favorable de la Procuradur\u00eda de Justicia del estado.<\/span><\/p>\n<p dir=\"ltr\" style=\"line-height: 1.2; margin-top: 0pt; margin-bottom: 0pt;\"><span style=\"font-size: 14.666666666666666px; font-family: Calibri; color: #000000; background-color: transparent; font-weight: 400; font-style: normal; font-variant: normal; text-decoration: none; vertical-align: baseline;\">Por todo lo anterior, se propone la adici\u00f3n al art\u00edculo 96 del C\u00f3digo Penal Vigente en la entidad, el cual actualmente dice: \u201cCuando por raz\u00f3n del delito cometido el agente se encuentra en condiciones f\u00edsicas o ps\u00edquicas tales que hagan notoriamente innecesaria e irracional la imposici\u00f3n de una pena privativa de libertad, el juez, de oficio o a petici\u00f3n de parte motivando su proceder, podr\u00e1 prescindir de ella y en este caso, si lo considera necesario, imponerle una medida de seguridad congruente a sus condiciones \u201d.<\/span><\/p>\n<p dir=\"ltr\" style=\"line-height: 1.2; margin-top: 0pt; margin-bottom: 0pt;\"><span style=\"font-size: 14.666666666666666px; font-family: Calibri; color: #000000; background-color: transparent; font-weight: 400; font-style: normal; font-variant: normal; text-decoration: none; vertical-align: baseline;\">Para quedar de la siguiente manera: <\/span><\/p>\n<p dir=\"ltr\" style=\"line-height: 1.2; margin-top: 0pt; margin-bottom: 0pt;\"><span style=\"font-size: 14.666666666666666px; font-family: Calibri; color: #000000; background-color: transparent; font-weight: 400; font-style: normal; font-variant: normal; text-decoration: none; vertical-align: baseline;\">\u201cArt\u00edculo 96.- Cuando por raz\u00f3n del delito cometido el agente se encuentre en condiciones f\u00edsicas o ps\u00edquicas tales que hagan notoriamente innecesaria e irracional la imposici\u00f3n de una pena privativa de libertad, el juez, de oficio o a petici\u00f3n de parte, motivando su proceder, podr\u00e1 prescindir de ella y en este caso, si lo considera necesario, imponerle una medida de seguridad congruente a sus condiciones. As\u00ed mismo, cuando el sentenciado acredite plenamente que no puede cumplir con la pena privativa de libertad que le fue impuesta por ser incompatible con su edad, salud o constituci\u00f3n f\u00edsica, y siempre y cuando no se trate de delitos graves, tenga m\u00e1s de 70 a\u00f1os cumplidos y que a juicio de la Direcci\u00f3n de Prevenci\u00f3n y Reinserci\u00f3n Social el interno est\u00e9 en condiciones de no volver a delinquir, se haya pagado la reparaci\u00f3n del da\u00f1o y se obtenga un informe favorable de la Procuradur\u00eda de Justicia, la Direcci\u00f3n de Prevenci\u00f3n y Reinserci\u00f3n Social podr\u00e1 modificar aquella, siempre que la modificaci\u00f3n no sea en lo esencial, orden\u00e1ndose el compurgamiento de dicha pena en el domicilio del reo bajo su estricta vigilancia\u201d. \u00a0<\/span><\/p>\n<div dir=\"ltr\" style=\"line-height: 1.2; margin-top: 0pt; margin-bottom: 0pt;\">\u00a0<\/div>\n<p dir=\"ltr\" style=\"line-height: 1.2; margin-top: 0pt; margin-bottom: 0pt;\"><span style=\"font-size: 14.666666666666666px; font-family: Calibri; color: #000000; background-color: transparent; font-weight: bold; font-style: normal; font-variant: normal; text-decoration: none; vertical-align: baseline;\">Licenciado Arturo Reyes Elizondo<\/span><\/p>\n<p dir=\"ltr\" style=\"line-height: 1.2; margin-top: 0pt; margin-bottom: 0pt;\"><span style=\"font-size: 14.666666666666666px; font-family: Calibri; color: #000000; background-color: transparent; font-weight: bold; font-style: normal; font-variant: normal; text-decoration: none; vertical-align: baseline;\">Juez penal de Apan<\/span><\/p>\n<div dir=\"ltr\" style=\"line-height: 1.2; margin-top: 0pt; margin-bottom: 0pt;\">\u00a0<\/div>\n<p dir=\"ltr\" style=\"line-height: 1.2; margin-top: 0pt; margin-bottom: 0pt;\"><span style=\"font-size: 14.666666666666666px; font-family: Calibri; color: #000000; background-color: transparent; font-weight: 400; font-style: normal; font-variant: normal; text-decoration: none; vertical-align: baseline;\">Cualquier duda, comun\u00edcate con nosotros en:<\/span><\/p>\n<div dir=\"ltr\" style=\"line-height: 1.2; margin-top: 0pt; margin-bottom: 0pt;\"><img loading=\"lazy\" decoding=\"async\" style=\"border: none; transform: rotate(0.00rad); -webkit-transform: rotate(0.00rad);\" src=\"https:\/\/lh6.googleusercontent.com\/zQXGB-sd-jpdcC9kQMNS0ZBB9JiAbbxTxFk3X-ZCUSa7h_Vi8KdZvrGC1poS3hbfNv5TfoHSWz3tMODN3SSWqapHJZBtgSBgYMMQknKaLx8GEZC7D8Nd9u5PBr5-VgPtXU2giNoglAw-rC-gIg\" width=\"25\" height=\"26\" \/><\/div>\n<p dir=\"ltr\" style=\"line-height: 1.2; margin-top: 0pt; margin-bottom: 0pt;\"><span style=\"font-size: 14.666666666666666px; font-family: Calibri; color: #000000; background-color: transparent; font-weight: 400; font-style: normal; font-variant: normal; text-decoration: none; vertical-align: baseline;\">@Habla_Derecho<\/span><\/p>\n<div dir=\"ltr\" style=\"line-height: 1.2; margin-top: 0pt; margin-bottom: 0pt;\"><img loading=\"lazy\" decoding=\"async\" style=\"border: none; transform: rotate(0.00rad); -webkit-transform: rotate(0.00rad);\" src=\"https:\/\/lh5.googleusercontent.com\/hG9OogdbFMguIMflgrDaYzEROICM1s6RW69DI-oCGGgGBE1nildkhioPEf9humQfb-ocp0RuDxokR2lA-_26yfxAgZOIsDFa_90bOsKGCtdMN0aQZG99H0igD-k_QovzqgO4bKcwtIJ4wXOLpw\" width=\"25\" height=\"25\" \/><\/div>\n<p dir=\"ltr\" style=\"line-height: 1.2; margin-top: 0pt; margin-bottom: 0pt;\"><span style=\"font-size: 14.666666666666666px; font-family: Calibri; color: #000000; background-color: transparent; font-weight: 400; font-style: normal; font-variant: normal; text-decoration: none; vertical-align: baseline;\">Hablando Derecho<\/span><\/p>\n<p dir=\"ltr\" style=\"line-height: 1.2; margin-top: 0pt; margin-bottom: 0pt;\"><span style=\"font-size: 14.666666666666666px; font-family: Calibri; color: #000000; background-color: transparent; font-weight: 400; font-style: normal; font-variant: normal; text-decoration: none; vertical-align: baseline;\">informaciontsjeh@gmail.com<\/span><\/p>\n","protected":false},"excerpt":{"rendered":"<p>Esto debe de entenderse como un acto de justicia, con el fin de que en la parte final de la vida del sentenciado no permanezca tras las rejas, en virtud de que en todo momento se debe actuar con apego a la ley al sancionar conductas merecedoras de la pena de prisi\u00f3n, pero tambi\u00e9n debemos [&hellip;]<\/p>\n","protected":false},"author":3,"featured_media":0,"comment_status":"open","ping_status":"open","sticky":false,"template":"","format":"standard","meta":{"footnotes":""},"categories":[42],"tags":[],"class_list":["post-32880","post","type-post","status-publish","format-standard","hentry","category-nuestrapalabra"],"_links":{"self":[{"href":"https:\/\/plazajuarez.mx\/historico\/wp-json\/wp\/v2\/posts\/32880","targetHints":{"allow":["GET"]}}],"collection":[{"href":"https:\/\/plazajuarez.mx\/historico\/wp-json\/wp\/v2\/posts"}],"about":[{"href":"https:\/\/plazajuarez.mx\/historico\/wp-json\/wp\/v2\/types\/post"}],"author":[{"embeddable":true,"href":"https:\/\/plazajuarez.mx\/historico\/wp-json\/wp\/v2\/users\/3"}],"replies":[{"embeddable":true,"href":"https:\/\/plazajuarez.mx\/historico\/wp-json\/wp\/v2\/comments?post=32880"}],"version-history":[{"count":0,"href":"https:\/\/plazajuarez.mx\/historico\/wp-json\/wp\/v2\/posts\/32880\/revisions"}],"wp:attachment":[{"href":"https:\/\/plazajuarez.mx\/historico\/wp-json\/wp\/v2\/media?parent=32880"}],"wp:term":[{"taxonomy":"category","embeddable":true,"href":"https:\/\/plazajuarez.mx\/historico\/wp-json\/wp\/v2\/categories?post=32880"},{"taxonomy":"post_tag","embeddable":true,"href":"https:\/\/plazajuarez.mx\/historico\/wp-json\/wp\/v2\/tags?post=32880"}],"curies":[{"name":"wp","href":"https:\/\/api.w.org\/{rel}","templated":true}]}}