{"id":32870,"date":"2016-12-04T15:10:32","date_gmt":"2016-12-04T15:10:32","guid":{"rendered":"http:\/\/plazajuarez.mx\/index\/index.php\/2016\/12\/04\/primera-biblioteca-hibrida-de-hidalgo\/"},"modified":"2016-12-04T15:10:32","modified_gmt":"2016-12-04T15:10:32","slug":"primera-biblioteca-hibrida-de-hidalgo","status":"publish","type":"post","link":"https:\/\/plazajuarez.mx\/historico\/primera-biblioteca-hibrida-de-hidalgo\/","title":{"rendered":"Primera biblioteca h\u00edbrida de Hidalgo"},"content":{"rendered":"<p>EN MINERAL DE LA REFORMA<br \/>Este proyecto representa una inversi\u00f3n de cinco millones de pesos<\/p>\n<p>  <!--more-->  <\/p>\n<p>El titular de la secretar\u00eda de Desarrollo Humano y Social de Mineral de la Reforma, C\u00e9sar Monroy Vega, inform\u00f3 que de recibir la aprobaci\u00f3n de la Direcci\u00f3n General de Bibliotecas, en breve ser\u00e1 inaugurada la primera biblioteca h\u00edbrida del estado de Hidalgo.<\/p>\n<p>Se\u00f1al\u00f3 que para cumplir con esta caracter\u00edstica, el recinto cuenta con captaci\u00f3n de agua pluvial; en el \u00e1rea de sanitarios instalaron un sistema ahorrador de agua; tiene focos y luces ahorradores; adem\u00e1s de que cuenta con ventanales para el mejor aprovechamiento de la luz del d\u00eda; de tal manera que el tema faltante son los paneles solares para que pueda ser completamente sustentable.<\/p>\n<p>Cabe destacar que este proyecto representa una inversi\u00f3n de cinco millones de pesos y se origina de la reubicaci\u00f3n de la biblioteca instalada en la colonia Cipreses, hacia el centro Mineralense de las Artes, al representar un espacio cinco veces mayor, adem\u00e1s podr\u00e1 ofrecer mayor n\u00famero de servicios, &#8220;Es un proyecto bastante interesante\u2026 estamos buscando que tenga actividades adicionales&#8221;.<\/p>\n<p>Dentro de estas acciones puntualiz\u00f3 que la biblioteca tenga el aspecto de ser digital, a trav\u00e9s un convenio que buscan pactar con una empresa de telefon\u00eda; y por medio de la adquisici\u00f3n de computadoras que permitan ampliar la cobertura de los servicios digitales en beneficio de la poblaci\u00f3n Mineralense.<\/p>\n<p>Finalmente, Monroy Vega manifest\u00f3 que est\u00e1n a la espera de la \u00faltima revisi\u00f3n de la direcci\u00f3n general de bibliotecas\u00a0 para verificar el correcto funcionamiento de las instalaciones, y de ser aprobado, en breve ser\u00e1 anunciada la inauguraci\u00f3n de la primera biblioteca h\u00edbrida de la entidad, ubicada en Mineral de la Reforma.<\/p>\n","protected":false},"excerpt":{"rendered":"<p>EN MINERAL DE LA REFORMAEste proyecto representa una inversi\u00f3n de cinco millones de pesos<\/p>\n","protected":false},"author":93,"featured_media":0,"comment_status":"open","ping_status":"open","sticky":false,"template":"","format":"standard","meta":{"footnotes":""},"categories":[59],"tags":[],"class_list":["post-32870","post","type-post","status-publish","format-standard","hentry","category-general"],"_links":{"self":[{"href":"https:\/\/plazajuarez.mx\/historico\/wp-json\/wp\/v2\/posts\/32870","targetHints":{"allow":["GET"]}}],"collection":[{"href":"https:\/\/plazajuarez.mx\/historico\/wp-json\/wp\/v2\/posts"}],"about":[{"href":"https:\/\/plazajuarez.mx\/historico\/wp-json\/wp\/v2\/types\/post"}],"author":[{"embeddable":true,"href":"https:\/\/plazajuarez.mx\/historico\/wp-json\/wp\/v2\/users\/93"}],"replies":[{"embeddable":true,"href":"https:\/\/plazajuarez.mx\/historico\/wp-json\/wp\/v2\/comments?post=32870"}],"version-history":[{"count":0,"href":"https:\/\/plazajuarez.mx\/historico\/wp-json\/wp\/v2\/posts\/32870\/revisions"}],"wp:attachment":[{"href":"https:\/\/plazajuarez.mx\/historico\/wp-json\/wp\/v2\/media?parent=32870"}],"wp:term":[{"taxonomy":"category","embeddable":true,"href":"https:\/\/plazajuarez.mx\/historico\/wp-json\/wp\/v2\/categories?post=32870"},{"taxonomy":"post_tag","embeddable":true,"href":"https:\/\/plazajuarez.mx\/historico\/wp-json\/wp\/v2\/tags?post=32870"}],"curies":[{"name":"wp","href":"https:\/\/api.w.org\/{rel}","templated":true}]}}