{"id":32868,"date":"2016-12-04T15:13:15","date_gmt":"2016-12-04T15:13:15","guid":{"rendered":"http:\/\/plazajuarez.mx\/index\/index.php\/2016\/12\/04\/pachuca-fue-sede-del-xxii-encuentro-nacional-de-arte-y-cultura\/"},"modified":"2016-12-04T15:13:15","modified_gmt":"2016-12-04T15:13:15","slug":"pachuca-fue-sede-del-xxii-encuentro-nacional-de-arte-y-cultura","status":"publish","type":"post","link":"https:\/\/plazajuarez.mx\/historico\/pachuca-fue-sede-del-xxii-encuentro-nacional-de-arte-y-cultura\/","title":{"rendered":"PACHUCA FUE SEDE DEL XXII ENCUENTRO NACIONAL DE ARTE Y CULTURA"},"content":{"rendered":"<p>DGETI 2016<\/p>\n<p>Participaron aproximadamente 750 j\u00f3venes de todo el pa\u00eds, en 14 disciplinas<\/p>\n<p>  <!--more-->  <\/p>\n<p>Del 28 de noviembre al 2 de diciembre, se llev\u00f3 a cabo en Pachuca el XXII Encuentro Nacional de Arte y Cultura (ENAC) de la Direcci\u00f3n General de Educaci\u00f3n Tecnol\u00f3gica Industrial (DGETI) 2016, en el que participaron aproximadamente 750 j\u00f3venes de todo el pa\u00eds, en 14 disciplinas. <\/p>\n<p>Durante la inauguraci\u00f3n de este encuentro nacional, la secretaria de Educaci\u00f3n P\u00fablica de Hidalgo, Sayonara Vargas Rodr\u00edguez, destac\u00f3 que a 45 a\u00f1os de su creaci\u00f3n, la DGETI es el subsistema de Educaci\u00f3n Media Superior m\u00e1s poderoso de M\u00e9xico.<\/p>\n<p>Reconoci\u00f3 el trabajo que realiza la DGETI en la promoci\u00f3n y el fomento de las actividades culturales y deportivas en las y los j\u00f3venes, como parte de una educaci\u00f3n integral y de calidad.<\/p>\n<p>El director general de Educaci\u00f3n Tecnol\u00f3gica Industrial de la Subsecretar\u00eda de Educaci\u00f3n Media Superior (SEMS) de la Secretar\u00eda de Educaci\u00f3n P\u00fablica federal (SEP), Carlos Alfonso Mor\u00e1n Moguel, subray\u00f3 que la DGETI es la instituci\u00f3n m\u00e1s grande de Am\u00e9rica Latina, con 620 mil estudiantes que atiende en sus planteles en todo el pa\u00eds. <br \/>\u00a0<br \/>Agradeci\u00f3 al gobernador del estado, Omar Fayad Meneses, su apoyo para la realizaci\u00f3n de este evento.<\/p>\n","protected":false},"excerpt":{"rendered":"<p>DGETI 2016 Participaron aproximadamente 750 j\u00f3venes de todo el pa\u00eds, en 14 disciplinas<\/p>\n","protected":false},"author":93,"featured_media":0,"comment_status":"open","ping_status":"open","sticky":false,"template":"","format":"standard","meta":{"footnotes":""},"categories":[59],"tags":[],"class_list":["post-32868","post","type-post","status-publish","format-standard","hentry","category-general"],"_links":{"self":[{"href":"https:\/\/plazajuarez.mx\/historico\/wp-json\/wp\/v2\/posts\/32868","targetHints":{"allow":["GET"]}}],"collection":[{"href":"https:\/\/plazajuarez.mx\/historico\/wp-json\/wp\/v2\/posts"}],"about":[{"href":"https:\/\/plazajuarez.mx\/historico\/wp-json\/wp\/v2\/types\/post"}],"author":[{"embeddable":true,"href":"https:\/\/plazajuarez.mx\/historico\/wp-json\/wp\/v2\/users\/93"}],"replies":[{"embeddable":true,"href":"https:\/\/plazajuarez.mx\/historico\/wp-json\/wp\/v2\/comments?post=32868"}],"version-history":[{"count":0,"href":"https:\/\/plazajuarez.mx\/historico\/wp-json\/wp\/v2\/posts\/32868\/revisions"}],"wp:attachment":[{"href":"https:\/\/plazajuarez.mx\/historico\/wp-json\/wp\/v2\/media?parent=32868"}],"wp:term":[{"taxonomy":"category","embeddable":true,"href":"https:\/\/plazajuarez.mx\/historico\/wp-json\/wp\/v2\/categories?post=32868"},{"taxonomy":"post_tag","embeddable":true,"href":"https:\/\/plazajuarez.mx\/historico\/wp-json\/wp\/v2\/tags?post=32868"}],"curies":[{"name":"wp","href":"https:\/\/api.w.org\/{rel}","templated":true}]}}