{"id":32866,"date":"2016-12-04T15:08:06","date_gmt":"2016-12-04T15:08:06","guid":{"rendered":"http:\/\/plazajuarez.mx\/index\/index.php\/2016\/12\/04\/el-ocaso-de-la-revolucion-cubana\/"},"modified":"2016-12-04T15:08:06","modified_gmt":"2016-12-04T15:08:06","slug":"el-ocaso-de-la-revolucion-cubana","status":"publish","type":"post","link":"https:\/\/plazajuarez.mx\/historico\/el-ocaso-de-la-revolucion-cubana\/","title":{"rendered":"\u00bfEl ocaso de la revoluci\u00f3n cubana?"},"content":{"rendered":"<p>HOMO POLITICUS<\/p>\n<p>  <!--more-->  <\/p>\n<p>Con los apetitos mezquinos e intenciones oscuras, los detractores del proyecto cubano hoy se frotan las manos esperando la ca\u00edda de un sistema, que a su juicio, viola los derechos humanos y est\u00e1 en contra de la libertad. <\/p>\n<p>Desde las idioteces de Vargas Llosa y los juicios perdidos de\u00a0 Carlos Alazraki, donde todo se parcializa, donde los logros de la revoluci\u00f3n en equidad social se traducen y minimizan en contra de la libertad y la democracia al estilo capitalista, en una s\u00f3rdida comparaci\u00f3n de que \u201caqu\u00ed hay libertad y si no te enriqueces es porque no quieres o porque eres muy pendejo\u201d. <\/p>\n<p>Estos dos personajes, Mario Vargas Llosa y Carlos Alazraki, comen, duermen y cagan como beb\u00e9s en una sociedad que cuida sus privilegios mientras la mayor\u00eda vive de manera miserable; claro ellos son pendejos funcionales de un sistema injusto que navega con bandera de pendejo en el discurso de la libertad. <\/p>\n<p>As\u00ed las cosas, televisa hizo su agosto encarnizado con comentarios como \u201clos cubanos tienen un excelente sistema de salud y educaci\u00f3n \u201c, pero no tienen libertad, son pobres, viven esclavizados, no pueden hablar, no disfrutan del internet, consumen lo b\u00e1sico o lo infra-b\u00e1sico. <\/p>\n<p>Pero pong\u00e1moslo en perspectiva desde el Per\u00fa de Vargas Llosa o M\u00e9xico de Carlos Alazraki.\u00a0 <\/p>\n<p>\u00bfEn Per\u00fa y M\u00e9xico todos sus habitantes son ricos?, \u00bfen Per\u00fa y M\u00e9xico los ind\u00edgenas viven de manera digna?, \u00bfen Per\u00fa y M\u00e9xico no existe pobreza?, \u00bfen Per\u00fa y M\u00e9xico la mayor parte de los pol\u00edticos son honestos?, \u00bfen Per\u00fa y M\u00e9xico todos sus ciudadanos est\u00e1n alfabetizados?, \u00bfen Per\u00fa y M\u00e9xico los ni\u00f1os no presentan desnutrici\u00f3n y el sistema p\u00fablico les brinda educaci\u00f3n a todos?, \u00bfen Per\u00fa y M\u00e9xico el sistema de salud cubre las necesidades de todos sus ciudadanos?, en Per\u00fa y M\u00e9xico no existe migraci\u00f3n de sus ciudadanos buscando un mejor horizonte porque en sus pa\u00edses no lo encuentran? <\/p>\n<p>Es f\u00e1cil hablar de los problemas de un pa\u00eds como Cuba sin ubicar su contexto hist\u00f3rico y su relaci\u00f3n con Estados Unidos; pero es dif\u00edcil para tanto pendejo que se le atraganta la verdad reconocer la dignidad de los cubanos que han enfrentado un bloqueo sistem\u00e1tico de sus relaciones comerciales y pol\u00edticas y que han sufrido esta violaci\u00f3n a su soberan\u00eda y sus derechos humanos como pueblo.<\/p>\n<p>Pero qu\u00e9 nos extra\u00f1a, aqu\u00ed todos vivimos en \u201clas Lomas\u201d y desayunamos en \u201cPlaza Santa Fe\u201d. Ja, ja, Ja.<\/p>\n<p>\u00a0<\/p>\n<p><\/p>\n","protected":false},"excerpt":{"rendered":"<p>HOMO POLITICUS<\/p>\n","protected":false},"author":93,"featured_media":0,"comment_status":"open","ping_status":"open","sticky":false,"template":"","format":"standard","meta":{"footnotes":""},"categories":[42],"tags":[],"class_list":["post-32866","post","type-post","status-publish","format-standard","hentry","category-nuestrapalabra"],"_links":{"self":[{"href":"https:\/\/plazajuarez.mx\/historico\/wp-json\/wp\/v2\/posts\/32866","targetHints":{"allow":["GET"]}}],"collection":[{"href":"https:\/\/plazajuarez.mx\/historico\/wp-json\/wp\/v2\/posts"}],"about":[{"href":"https:\/\/plazajuarez.mx\/historico\/wp-json\/wp\/v2\/types\/post"}],"author":[{"embeddable":true,"href":"https:\/\/plazajuarez.mx\/historico\/wp-json\/wp\/v2\/users\/93"}],"replies":[{"embeddable":true,"href":"https:\/\/plazajuarez.mx\/historico\/wp-json\/wp\/v2\/comments?post=32866"}],"version-history":[{"count":0,"href":"https:\/\/plazajuarez.mx\/historico\/wp-json\/wp\/v2\/posts\/32866\/revisions"}],"wp:attachment":[{"href":"https:\/\/plazajuarez.mx\/historico\/wp-json\/wp\/v2\/media?parent=32866"}],"wp:term":[{"taxonomy":"category","embeddable":true,"href":"https:\/\/plazajuarez.mx\/historico\/wp-json\/wp\/v2\/categories?post=32866"},{"taxonomy":"post_tag","embeddable":true,"href":"https:\/\/plazajuarez.mx\/historico\/wp-json\/wp\/v2\/tags?post=32866"}],"curies":[{"name":"wp","href":"https:\/\/api.w.org\/{rel}","templated":true}]}}