{"id":32864,"date":"2016-12-04T15:07:03","date_gmt":"2016-12-04T15:07:03","guid":{"rendered":"http:\/\/plazajuarez.mx\/index\/index.php\/2016\/12\/04\/fiesta-patronal-de-tepojaco-2016\/"},"modified":"2016-12-04T15:07:03","modified_gmt":"2016-12-04T15:07:03","slug":"fiesta-patronal-de-tepojaco-2016","status":"publish","type":"post","link":"https:\/\/plazajuarez.mx\/historico\/fiesta-patronal-de-tepojaco-2016\/","title":{"rendered":"Fiesta patronal de Tepojaco 2016"},"content":{"rendered":"<p>Tizayuca <\/p>\n<p>  <!--more-->  <\/p>\n<p>\u00a0<br \/>La fiesta patronal de Tepojaco, en honor a la virgen de Guadalupe, ser\u00e1 el 10 de diciembre en la explanada municipal con una serie de actividades que empezaron ayer con un novenario por el barrio y que concluir\u00e1n el 12 de diciembre para festejar a la Morenita del Tepeyac.<br \/>El 10 de diciembre tienen contemplado realizar los juegos del palo encebado y el puerco, y a las 20:00 horas un gran baile sonidero.<br \/>Para el 11 de diciembre a las 11:00 horas habr\u00e1 una charreada y posteriormente a las 18:00 horas la misa dominical. <br \/>A las 19:00 horas danza de Los lobitos y para cerrar, a las 21:00 horas el baile popular a cargo de Germ\u00e1n Guti\u00e9rrez y el grupo \u201clos Bybys\u201d.<br \/>El 12 de diciembre comenzar\u00e1n a las 4:45 horas con las ma\u00f1anitas con mariachi para la Virgen; a las 5:45 las ma\u00f1anitas con banda: a las 13:00 horas se llevar\u00e1 a cabo la misa presidida por el arzobispo de Tulancingo, Domingo D\u00edaz Mart\u00ednez.<br \/>Como cada a\u00f1o se reunir\u00e1n las peregrinaciones de las parroquias vecinas que hacen recorridos desde sus iglesias con los fieles por la calle principal para llegar a la capilla principal y poder reunirse con la Virgen de Guadalupe en la parroquia principal de Tepojaco. <br \/>Para finalizar, en el teatro del pueblo el invitado especial ser\u00e1 Marco Vinicio, el comediante del programa parodiando. <br \/>Para cerrar con broche de oro se presentar\u00e1 la Banda Zacate; el Grupo Latino y la quema tradicional del castillo de fuegos artificiales.<\/p>\n","protected":false},"excerpt":{"rendered":"<p>Tizayuca<\/p>\n","protected":false},"author":93,"featured_media":0,"comment_status":"open","ping_status":"open","sticky":false,"template":"","format":"standard","meta":{"footnotes":""},"categories":[40],"tags":[],"class_list":["post-32864","post","type-post","status-publish","format-standard","hentry","category-region"],"_links":{"self":[{"href":"https:\/\/plazajuarez.mx\/historico\/wp-json\/wp\/v2\/posts\/32864","targetHints":{"allow":["GET"]}}],"collection":[{"href":"https:\/\/plazajuarez.mx\/historico\/wp-json\/wp\/v2\/posts"}],"about":[{"href":"https:\/\/plazajuarez.mx\/historico\/wp-json\/wp\/v2\/types\/post"}],"author":[{"embeddable":true,"href":"https:\/\/plazajuarez.mx\/historico\/wp-json\/wp\/v2\/users\/93"}],"replies":[{"embeddable":true,"href":"https:\/\/plazajuarez.mx\/historico\/wp-json\/wp\/v2\/comments?post=32864"}],"version-history":[{"count":0,"href":"https:\/\/plazajuarez.mx\/historico\/wp-json\/wp\/v2\/posts\/32864\/revisions"}],"wp:attachment":[{"href":"https:\/\/plazajuarez.mx\/historico\/wp-json\/wp\/v2\/media?parent=32864"}],"wp:term":[{"taxonomy":"category","embeddable":true,"href":"https:\/\/plazajuarez.mx\/historico\/wp-json\/wp\/v2\/categories?post=32864"},{"taxonomy":"post_tag","embeddable":true,"href":"https:\/\/plazajuarez.mx\/historico\/wp-json\/wp\/v2\/tags?post=32864"}],"curies":[{"name":"wp","href":"https:\/\/api.w.org\/{rel}","templated":true}]}}