{"id":32863,"date":"2016-12-04T15:06:56","date_gmt":"2016-12-04T15:06:56","guid":{"rendered":"http:\/\/plazajuarez.mx\/index\/index.php\/2016\/12\/04\/uttt-entrega-902-titulos-de-tecnico-superior-universitario\/"},"modified":"2016-12-04T15:06:56","modified_gmt":"2016-12-04T15:06:56","slug":"uttt-entrega-902-titulos-de-tecnico-superior-universitario","status":"publish","type":"post","link":"https:\/\/plazajuarez.mx\/historico\/uttt-entrega-902-titulos-de-tecnico-superior-universitario\/","title":{"rendered":"UTTT entrega 902 t\u00edtulos de T\u00e9cnico Superior Universitario"},"content":{"rendered":"<p>Tepetitl\u00e1n<\/p>\n<p>  <!--more-->  <\/p>\n<p>La Universidad Tecnol\u00f3gica de Tula-Tepeji, a trav\u00e9s de cuatro ceremonias de graduaci\u00f3n, entreg\u00f3 902 t\u00edtulos de T\u00e9cnico Superior Universitario (TSU), incluidas sus Unidades Acad\u00e9micas de Tepetitl\u00e1n y Chapulhuac\u00e1n.<br \/>Se inform\u00f3 que del campus Tula-Tepeji fueron 798 los titulados pertenecientes a la\u00a0 Generaci\u00f3n 52 de T\u00e9cnicos Superiores Universitarios. <br \/>De la Unidad Acad\u00e9mica de Tepetitl\u00e1n 35 educandos de la Primera\u00a0 Generaci\u00f3n llegaron a una de sus metas de vida, mientras de la Unidad Acad\u00e9mica de Chapulhuac\u00e1n fueron 69 los egresados de la onceava Generaci\u00f3n de TSU.<br \/>Durante las ceremonias se destac\u00f3 el importante papel que madres y padres de familia tuvieron como apoyo para que los titulados lograran el objetivo de culminar esta etapa universitaria.<br \/>A los graduados se les invit\u00f3 a demostrar con profesionalismo, tenacidad y compromiso sus capacidades en el sector productivo, as\u00ed como a continuar siempre en marcha ascendente actualizando sus conocimientos para alcanzar otros niveles acad\u00e9micos.<br \/>Por \u00faltimo, en su momento representantes del sector empresarial mencionaron que a partir de ahora los egresados iniciar\u00e1n su vida profesional, a trav\u00e9s de la cual podr\u00e1n generar los cambios para impulsar el desarrollo de su entorno y del pa\u00eds.<br \/>En este contexto, se realiz\u00f3 la toma del Juramento de \u00c9tica Profesional a las y los titulados y se realiz\u00f3 la entrega de reconocimientos a los mejores promedios de cada carrera.<\/p>\n","protected":false},"excerpt":{"rendered":"<p>Tepetitl\u00e1n<\/p>\n","protected":false},"author":93,"featured_media":0,"comment_status":"open","ping_status":"open","sticky":false,"template":"","format":"standard","meta":{"footnotes":""},"categories":[40],"tags":[],"class_list":["post-32863","post","type-post","status-publish","format-standard","hentry","category-region"],"_links":{"self":[{"href":"https:\/\/plazajuarez.mx\/historico\/wp-json\/wp\/v2\/posts\/32863","targetHints":{"allow":["GET"]}}],"collection":[{"href":"https:\/\/plazajuarez.mx\/historico\/wp-json\/wp\/v2\/posts"}],"about":[{"href":"https:\/\/plazajuarez.mx\/historico\/wp-json\/wp\/v2\/types\/post"}],"author":[{"embeddable":true,"href":"https:\/\/plazajuarez.mx\/historico\/wp-json\/wp\/v2\/users\/93"}],"replies":[{"embeddable":true,"href":"https:\/\/plazajuarez.mx\/historico\/wp-json\/wp\/v2\/comments?post=32863"}],"version-history":[{"count":0,"href":"https:\/\/plazajuarez.mx\/historico\/wp-json\/wp\/v2\/posts\/32863\/revisions"}],"wp:attachment":[{"href":"https:\/\/plazajuarez.mx\/historico\/wp-json\/wp\/v2\/media?parent=32863"}],"wp:term":[{"taxonomy":"category","embeddable":true,"href":"https:\/\/plazajuarez.mx\/historico\/wp-json\/wp\/v2\/categories?post=32863"},{"taxonomy":"post_tag","embeddable":true,"href":"https:\/\/plazajuarez.mx\/historico\/wp-json\/wp\/v2\/tags?post=32863"}],"curies":[{"name":"wp","href":"https:\/\/api.w.org\/{rel}","templated":true}]}}