{"id":32862,"date":"2016-12-04T15:05:10","date_gmt":"2016-12-04T15:05:10","guid":{"rendered":"http:\/\/plazajuarez.mx\/index\/index.php\/2016\/12\/04\/un-doctor-enajenado-con-su-celular-una-bebita-enferma-un-mal-diagnostico-muerte\/"},"modified":"2016-12-04T15:05:10","modified_gmt":"2016-12-04T15:05:10","slug":"un-doctor-enajenado-con-su-celular-una-bebita-enferma-un-mal-diagnostico-muerte","status":"publish","type":"post","link":"https:\/\/plazajuarez.mx\/historico\/un-doctor-enajenado-con-su-celular-una-bebita-enferma-un-mal-diagnostico-muerte\/","title":{"rendered":"Un doctor enajenado con su celular, una bebita enferma; un mal diagn\u00f3stico\u2026 MUERTE"},"content":{"rendered":"<p>Tizayuca <\/p>\n<p>Despu\u00e9s de \u201crevisarla\u201d, el doctor del celular, le\u00a0 dijo a la madre que no deb\u00eda preocuparse<\/p>\n<p>  <!--more-->  <\/p>\n<p>El 13 de agosto su hija comenz\u00f3 a sentirse mal. Su est\u00f3mago estaba inflamado, sufr\u00eda de v\u00f3mitos. La peque\u00f1a Thayra (un a\u00f1o, diez meses de edad) fue llevada por su mam\u00e1 al hospital.<br \/>En el nosocomio del doctor Gustavo Fricke, despu\u00e9s de esperar una hora y media, pas\u00f3 Thayra para que las atendiera el doctor Pablo, alguien que se encontraba muy concentrado en su celular; esto, mientras la madre le explicaba los s\u00edntomas que presentaba su hija. El segu\u00eda distra\u00eddo, con ese aparato que comunica a los lejanos, pero incomunica a los presentes.<br \/>Tal vez por ello, despu\u00e9s de revisar a la peque\u00f1ita, le dijo a su madre que no se preocupara; que la inflamaci\u00f3n que presentaba era por algo que hab\u00eda comido; que no era para alarmarse. <br \/>Le recet\u00f3 domperidona en tabletas y la mand\u00f3 a su casa. A la madre se le hizo raro que no le enviara a hacer ning\u00fan estudio. Pero \u00e9l era el doctor, el profesional. <br \/>La madre cometi\u00f3 el error de confiar en el \u201cm\u00e9dico del celular\u201d.<br \/>Al d\u00eda siguiente Thayra despert\u00f3 m\u00e1s inflamada de su est\u00f3mago. <br \/>La madre preocupada la llev\u00f3 nuevamente al hospital. Poco despu\u00e9s de un rato una doctora la atendi\u00f3, le orden\u00f3 varios estudios y su ingreso en una sala de reanimaci\u00f3n porque la ni\u00f1a se encontraba muy mal; ya sacaba espuma blanca por la boca\u2026 <br \/>La madre pregunt\u00f3 a qu\u00e9 se deb\u00eda y la doctora le contest\u00f3 que s\u00f3lo era una secreci\u00f3n \u201cpor falta de l\u00edquido\u201d (\u00bf?) pero que era normal. Le pidieron saliera del cuarto.<br \/>15 minutos despu\u00e9s le avisaron que su hija fue conectada con ventilador mec\u00e1nico y que su ni\u00f1a no respondi\u00f3 a la reanimaci\u00f3n. Le explicaron que cuando esto sucede los ni\u00f1os de su edad responden al minuto\u2026 <br \/>Durante 15 d\u00edas la peque\u00f1a permaneci\u00f3 conectada. Su familia sab\u00eda que ya la hab\u00edan perdido. Ten\u00edan muy pocas esperanzas. Finalmente falleci\u00f3 el 29 de agosto del 2016.<br \/>Finalmente, su familia qued\u00f3 destrozada. Una negligencia m\u00e9dica les quit\u00f3 a Thayra. \u201cUn doctor-celular\u201d no realiz\u00f3 bien su trabajo y la condujo a la muerte. Su madre a\u00fan difunde los datos para que conozcan la historia con la que trata de vivir todos los d\u00edas y que a otros padres no les pase lo mismo.<\/p>\n","protected":false},"excerpt":{"rendered":"<p>Tizayuca Despu\u00e9s de \u201crevisarla\u201d, el doctor del celular, le\u00a0 dijo a la madre que no deb\u00eda preocuparse<\/p>\n","protected":false},"author":93,"featured_media":0,"comment_status":"open","ping_status":"open","sticky":false,"template":"","format":"standard","meta":{"footnotes":""},"categories":[40],"tags":[],"class_list":["post-32862","post","type-post","status-publish","format-standard","hentry","category-region"],"_links":{"self":[{"href":"https:\/\/plazajuarez.mx\/historico\/wp-json\/wp\/v2\/posts\/32862","targetHints":{"allow":["GET"]}}],"collection":[{"href":"https:\/\/plazajuarez.mx\/historico\/wp-json\/wp\/v2\/posts"}],"about":[{"href":"https:\/\/plazajuarez.mx\/historico\/wp-json\/wp\/v2\/types\/post"}],"author":[{"embeddable":true,"href":"https:\/\/plazajuarez.mx\/historico\/wp-json\/wp\/v2\/users\/93"}],"replies":[{"embeddable":true,"href":"https:\/\/plazajuarez.mx\/historico\/wp-json\/wp\/v2\/comments?post=32862"}],"version-history":[{"count":0,"href":"https:\/\/plazajuarez.mx\/historico\/wp-json\/wp\/v2\/posts\/32862\/revisions"}],"wp:attachment":[{"href":"https:\/\/plazajuarez.mx\/historico\/wp-json\/wp\/v2\/media?parent=32862"}],"wp:term":[{"taxonomy":"category","embeddable":true,"href":"https:\/\/plazajuarez.mx\/historico\/wp-json\/wp\/v2\/categories?post=32862"},{"taxonomy":"post_tag","embeddable":true,"href":"https:\/\/plazajuarez.mx\/historico\/wp-json\/wp\/v2\/tags?post=32862"}],"curies":[{"name":"wp","href":"https:\/\/api.w.org\/{rel}","templated":true}]}}