{"id":32697,"date":"2016-12-01T14:07:28","date_gmt":"2016-12-01T14:07:28","guid":{"rendered":"http:\/\/plazajuarez.mx\/index\/index.php\/2016\/12\/01\/denuncian-alza-delictiva-en-jardines-del-sur\/"},"modified":"2016-12-01T14:07:28","modified_gmt":"2016-12-01T14:07:28","slug":"denuncian-alza-delictiva-en-jardines-del-sur","status":"publish","type":"post","link":"https:\/\/plazajuarez.mx\/historico\/denuncian-alza-delictiva-en-jardines-del-sur\/","title":{"rendered":"Denuncian alza delictiva en Jardines del Sur"},"content":{"rendered":"<p>Tulancingo <\/p>\n<p>\u00bfQu\u00e9 est\u00e1 pasando?&#8230; en a\u00f1o y medio, 22 casas han sido saqueadas, tan s\u00f3lo en una calle; vecinos exigen refuerzo de seguridad <\/p>\n<p>Colonos acusan que desde el arranque de la nueva administraci\u00f3n notaron disminuci\u00f3n en los rondines y falta de polic\u00edas en el lugar<\/p>\n<p>  <!--more-->  <\/p>\n<p>Vecinos de la colonia Jardines del sur en Tulancingo exigieron a las autoridades en materia de Seguridad P\u00fablica redoblar esfuerzos y hacer presencia constante a fin de aminorar la incidencia delictiva, ya que en los \u00faltimos meses, han sido robadas entre 12 y 14 casas. <\/p>\n<p>Tras el se\u00f1alamiento, los vecinos fueron atendidos por el titular de Seguridad P\u00fablica, Juli\u00e1n Vera, quien program\u00f3 una reuni\u00f3n para el pr\u00f3ximo s\u00e1bado. <\/p>\n<p>Lo anterior luego de que la ma\u00f1ana del lunes, poco m\u00e1s de 30 habitantes de Jardines del Sur, en la calle Richard Wagner, acusaron que desde el arranque de la nueva administraci\u00f3n percibieron disminuci\u00f3n en los rondines y falta de polic\u00edas en el lugar.<\/p>\n<p>\u201cSe han presentado 22 asaltos en esta calle en un lapso de a\u00f1o y medio, en algunos casos con fatales consecuencias como la del pasado mes de octubre, y queremos que esta situaci\u00f3n se acabe\u201d, expresaron.<\/p>\n<p>En entrevista los quejosos afirmaron que entre ellos se cuidan y esperan que las condiciones de inseguridad disminuyan en el corto plazo.<\/p>\n<p>Tras la manifestaci\u00f3n al sitio lleg\u00f3 el director de Seguridad P\u00fablica de Tulancingo, Juli\u00e1n Vera, quien por espacio de dos horas dialog\u00f3 con los inconformes a fin de establecer acuerdos y una reuni\u00f3n el siguiente s\u00e1bado.<\/p>\n","protected":false},"excerpt":{"rendered":"<p>Tulancingo \u00bfQu\u00e9 est\u00e1 pasando?&#8230; en a\u00f1o y medio, 22 casas han sido saqueadas, tan s\u00f3lo en una calle; vecinos exigen refuerzo de seguridad Colonos acusan que desde el arranque de la nueva administraci\u00f3n notaron disminuci\u00f3n en los rondines y falta de polic\u00edas en el lugar<\/p>\n","protected":false},"author":93,"featured_media":0,"comment_status":"open","ping_status":"open","sticky":false,"template":"","format":"standard","meta":{"footnotes":""},"categories":[40],"tags":[],"class_list":["post-32697","post","type-post","status-publish","format-standard","hentry","category-region"],"_links":{"self":[{"href":"https:\/\/plazajuarez.mx\/historico\/wp-json\/wp\/v2\/posts\/32697","targetHints":{"allow":["GET"]}}],"collection":[{"href":"https:\/\/plazajuarez.mx\/historico\/wp-json\/wp\/v2\/posts"}],"about":[{"href":"https:\/\/plazajuarez.mx\/historico\/wp-json\/wp\/v2\/types\/post"}],"author":[{"embeddable":true,"href":"https:\/\/plazajuarez.mx\/historico\/wp-json\/wp\/v2\/users\/93"}],"replies":[{"embeddable":true,"href":"https:\/\/plazajuarez.mx\/historico\/wp-json\/wp\/v2\/comments?post=32697"}],"version-history":[{"count":0,"href":"https:\/\/plazajuarez.mx\/historico\/wp-json\/wp\/v2\/posts\/32697\/revisions"}],"wp:attachment":[{"href":"https:\/\/plazajuarez.mx\/historico\/wp-json\/wp\/v2\/media?parent=32697"}],"wp:term":[{"taxonomy":"category","embeddable":true,"href":"https:\/\/plazajuarez.mx\/historico\/wp-json\/wp\/v2\/categories?post=32697"},{"taxonomy":"post_tag","embeddable":true,"href":"https:\/\/plazajuarez.mx\/historico\/wp-json\/wp\/v2\/tags?post=32697"}],"curies":[{"name":"wp","href":"https:\/\/api.w.org\/{rel}","templated":true}]}}