{"id":32690,"date":"2016-12-01T14:03:05","date_gmt":"2016-12-01T14:03:05","guid":{"rendered":"http:\/\/plazajuarez.mx\/index\/index.php\/2016\/12\/01\/nombra-ssph-a-titular-de-unidad-institucional\/"},"modified":"2016-12-01T14:03:05","modified_gmt":"2016-12-01T14:03:05","slug":"nombra-ssph-a-titular-de-unidad-institucional","status":"publish","type":"post","link":"https:\/\/plazajuarez.mx\/historico\/nombra-ssph-a-titular-de-unidad-institucional\/","title":{"rendered":"NOMBRA SSPH A TITULAR DE UNIDAD INSTITUCIONAL"},"content":{"rendered":"<p>PARA LA IGUALDAD ENTRE HOMBRES Y MUJERES<\/p>\n<p>  <!--more-->  <\/p>\n<p>Miriam Margarita Carmona Mor\u00e1n es la nueva titular quien se pronunci\u00f3 en contra de toda pr\u00e1ctica discriminatoria y reiter\u00f3 su compromiso <br \/>Al oficializar el nombramiento de Miriam Margarita Carmona Mor\u00e1n como titular de la Unidad Institucional para la Igualdad entre Mujeres y Hombres, Mauricio Delmar Saavedra, secretario de Seguridad P\u00fablica de Hidalgo (SSPH), se pronunci\u00f3 en contra de toda pr\u00e1ctica discriminatoria y reiter\u00f3 la firme voluntad de la dependencia a su cargo por generar pol\u00edticas con perspectiva de g\u00e9nero.<br \/>El funcionario estatal se refiri\u00f3 al compromiso del gobernador del estado, Omar Fayad Meneses, de incidir en la eliminaci\u00f3n de pr\u00e1cticas que impactan negativamente a las mujeres.<br \/>Delmar Saavedra destac\u00f3 que la Secretar\u00eda que encabeza lleva a cabo acciones por la igualdad de g\u00e9nero con la incorporaci\u00f3n de programas preventivos contra la violencia, as\u00ed como de lenguaje incluyente.<br \/>Por ello, asever\u00f3, la importancia de oficializar el nombramiento de la titular de la Unidad y que se trabaje en lo interno y externo por la igualdad de g\u00e9nero.<br \/>Por su parte, Miriam Carmona Mor\u00e1n, al asumir la titularidad del \u00e1rea, se refiri\u00f3 al papel de la mujer como \u2018motor de cambio\u2019 y declar\u00f3 que el que se permitan pr\u00e1cticas agresivas o de violencia hacia \u00e9sta es \u201cir en contra del futuro de M\u00e9xico\u201d.<br \/>\u201cNo basta decretar la igualdad en la ley, si en realidad no es un hecho\u201d, insisti\u00f3 la funcionaria, quien se\u00f1al\u00f3 que trabajar\u00e1 con responsabilidad y la convicci\u00f3n de promover condiciones de igualdad entre los trabajadores de la dependencia. <br \/>Se comprometi\u00f3 a generar acciones, a trav\u00e9s de la Unidad, para una convivencia sin violencia, sin discriminaci\u00f3n y mantener el trabajo por la cultura de la igualdad y la legalidad.<br \/>Al evento asistieron trabajadoras y trabajadores de las distintas \u00e1reas que conforman la SSPH, as\u00ed como polic\u00edas estatales y cadetes del Instituto de Formaci\u00f3n Profesional (IFP) que est\u00e1n en proceso de egresar de las aulas.<br \/>En su oportunidad se explicaron los alcances de las actividades y programas que realiza la Secretar\u00eda para promover la igualdad de g\u00e9nero tanto al interior de la dependencia, as\u00ed como parte de su atenci\u00f3n a la ciudadan\u00eda.<br \/>Arlett Destunis S\u00e1nchez, integrante de la Unidad Institucional para la Igualdad entre Mujeres y Hombres de la SSPH, present\u00f3 un listado de los programas de prevenci\u00f3n dirigidos al combate del delito y la violencia contra las mujeres.<br \/>\u201cExisten diversos mecanismos institucionales con perspectiva de g\u00e9nero implementados por la Secretar\u00eda para contribuir a la disminuci\u00f3n de dichas pr\u00e1cticas\u201d. Por ello se llevan a cabo operativos coordinados con la Subsecretar\u00eda del Transporte para promover la seguridad de f\u00e9minas en el servicio p\u00fablico.<\/p>\n","protected":false},"excerpt":{"rendered":"<p>PARA LA IGUALDAD ENTRE HOMBRES Y MUJERES<\/p>\n","protected":false},"author":93,"featured_media":0,"comment_status":"open","ping_status":"open","sticky":false,"template":"","format":"standard","meta":{"footnotes":""},"categories":[37],"tags":[],"class_list":["post-32690","post","type-post","status-publish","format-standard","hentry","category-barandilla"],"_links":{"self":[{"href":"https:\/\/plazajuarez.mx\/historico\/wp-json\/wp\/v2\/posts\/32690","targetHints":{"allow":["GET"]}}],"collection":[{"href":"https:\/\/plazajuarez.mx\/historico\/wp-json\/wp\/v2\/posts"}],"about":[{"href":"https:\/\/plazajuarez.mx\/historico\/wp-json\/wp\/v2\/types\/post"}],"author":[{"embeddable":true,"href":"https:\/\/plazajuarez.mx\/historico\/wp-json\/wp\/v2\/users\/93"}],"replies":[{"embeddable":true,"href":"https:\/\/plazajuarez.mx\/historico\/wp-json\/wp\/v2\/comments?post=32690"}],"version-history":[{"count":0,"href":"https:\/\/plazajuarez.mx\/historico\/wp-json\/wp\/v2\/posts\/32690\/revisions"}],"wp:attachment":[{"href":"https:\/\/plazajuarez.mx\/historico\/wp-json\/wp\/v2\/media?parent=32690"}],"wp:term":[{"taxonomy":"category","embeddable":true,"href":"https:\/\/plazajuarez.mx\/historico\/wp-json\/wp\/v2\/categories?post=32690"},{"taxonomy":"post_tag","embeddable":true,"href":"https:\/\/plazajuarez.mx\/historico\/wp-json\/wp\/v2\/tags?post=32690"}],"curies":[{"name":"wp","href":"https:\/\/api.w.org\/{rel}","templated":true}]}}