{"id":32680,"date":"2016-12-01T13:56:44","date_gmt":"2016-12-01T13:56:44","guid":{"rendered":"http:\/\/plazajuarez.mx\/index\/index.php\/2016\/12\/01\/bajaran-3-exportaciones-de-mexico-en-2016\/"},"modified":"2016-12-01T13:56:44","modified_gmt":"2016-12-01T13:56:44","slug":"bajaran-3-exportaciones-de-mexico-en-2016","status":"publish","type":"post","link":"https:\/\/plazajuarez.mx\/historico\/bajaran-3-exportaciones-de-mexico-en-2016\/","title":{"rendered":"Bajar\u00e1n 3% exportaciones de M\u00e9xico en 2016"},"content":{"rendered":"<p>Previsi\u00f3n de la Comce<\/p>\n<p>  <!--more-->  <\/p>\n<p>&#8220;El mundo se est\u00e1 achicando y el tama\u00f1o del pastel se est\u00e1 reduciendo&#8221;<br \/>Las exportaciones de M\u00e9xico bajar\u00e1n alrededor de tres por ciento en 2016 debido a que, en cuesti\u00f3n de comercio, &#8220;el mundo se est\u00e1 achicando y el tama\u00f1o del pastel se est\u00e1 reduciendo&#8221;, previ\u00f3 Fernando Ruiz Huarte, director del Consejo Empresarial Mexicano de Comercio Exterior (Comce), entrevistado horas antes de que arranque el Congreso anual de ese organismo donde se definir\u00e1 la estrategia del sector exportador mexicano ante la salida de Estados Unidos del Acuerdo de Asociaci\u00f3n Transpac\u00edfico (ATP) y la renegociaci\u00f3n del Tratado de Libre Comercio de Am\u00e9rica del Norte (TLCAN).<br \/>&#8220;Estimo, en lo personal y no como consejo, que vamos a terminar este a\u00f1o con exportaciones de alrededor de los 370 mil millones se d\u00f3lares. Es una cantidad importante porque son m\u00e1s de mil millones de d\u00f3lares todos los d\u00edas&#8221;, sostuvo Ruiz Huarte.<br \/>Frente a las cr\u00edticas contra los acuerdos comerciales que organismos multilaterales como el Fondo Monetario Internacional (FMI) y la Comisi\u00f3n Econ\u00f3mica para Am\u00e9rica Latina y el Caribe (Cepal) han hecho en las \u00faltimas semanas porque sus beneficios no han llegado a todos los sectores de la poblaci\u00f3n, ni siquiera de los pa\u00edses desarrollados, el director del Comce indic\u00f3 que &#8220;es un hecho que tenemos que hacer crecer la econom\u00eda interna&#8221;.<br \/>&#8220;El crecimiento de nuestra econom\u00eda no podemos hacerlo depender de afuera. Tenemos que buscar c\u00f3mo fortalecer el crecimiento de la econom\u00eda interna. Esa es la tarea pendiente, esa es la tarea que debemos atacar&#8221;, puntualiz\u00f3.<br \/>El directivo afirm\u00f3 que M\u00e9xico es el pa\u00eds con el que menos ha disminuido el comercio de Estados Unidos y precis\u00f3 que pese a la ca\u00edda de las exportaciones mexicanas, se mantienen algunas cifras constantes como que 80 por ciento de todos los productos que se venden al extranjero son manufacturas y entre 80 y 82 por ciento se destina al vecino pa\u00eds.<br \/>&#8220;El mundo se est\u00e1 achicando. Si ven ustedes todos los pa\u00edses est\u00e1n importando menos o exportando menos. O sea el tama\u00f1o del pastel se est\u00e1 reduciendo, se est\u00e1 achicando y es l\u00f3gico que tambi\u00e9n nos pegue&#8221;, se\u00f1al\u00f3.<\/p>\n","protected":false},"excerpt":{"rendered":"<p>Previsi\u00f3n de la Comce<\/p>\n","protected":false},"author":93,"featured_media":0,"comment_status":"open","ping_status":"open","sticky":false,"template":"","format":"standard","meta":{"footnotes":""},"categories":[36],"tags":[],"class_list":["post-32680","post","type-post","status-publish","format-standard","hentry","category-nacion"],"_links":{"self":[{"href":"https:\/\/plazajuarez.mx\/historico\/wp-json\/wp\/v2\/posts\/32680","targetHints":{"allow":["GET"]}}],"collection":[{"href":"https:\/\/plazajuarez.mx\/historico\/wp-json\/wp\/v2\/posts"}],"about":[{"href":"https:\/\/plazajuarez.mx\/historico\/wp-json\/wp\/v2\/types\/post"}],"author":[{"embeddable":true,"href":"https:\/\/plazajuarez.mx\/historico\/wp-json\/wp\/v2\/users\/93"}],"replies":[{"embeddable":true,"href":"https:\/\/plazajuarez.mx\/historico\/wp-json\/wp\/v2\/comments?post=32680"}],"version-history":[{"count":0,"href":"https:\/\/plazajuarez.mx\/historico\/wp-json\/wp\/v2\/posts\/32680\/revisions"}],"wp:attachment":[{"href":"https:\/\/plazajuarez.mx\/historico\/wp-json\/wp\/v2\/media?parent=32680"}],"wp:term":[{"taxonomy":"category","embeddable":true,"href":"https:\/\/plazajuarez.mx\/historico\/wp-json\/wp\/v2\/categories?post=32680"},{"taxonomy":"post_tag","embeddable":true,"href":"https:\/\/plazajuarez.mx\/historico\/wp-json\/wp\/v2\/tags?post=32680"}],"curies":[{"name":"wp","href":"https:\/\/api.w.org\/{rel}","templated":true}]}}