{"id":32679,"date":"2016-12-01T13:55:16","date_gmt":"2016-12-01T13:55:16","guid":{"rendered":"http:\/\/plazajuarez.mx\/index\/index.php\/2016\/12\/01\/piloto-del-avion-alerto-de-la-falta-de-combustible\/"},"modified":"2016-12-01T13:55:16","modified_gmt":"2016-12-01T13:55:16","slug":"piloto-del-avion-alerto-de-la-falta-de-combustible","status":"publish","type":"post","link":"https:\/\/plazajuarez.mx\/historico\/piloto-del-avion-alerto-de-la-falta-de-combustible\/","title":{"rendered":"Piloto del avi\u00f3n alert\u00f3 de la falta de combustible"},"content":{"rendered":"<p>Accidente a\u00e9reo en Colombia <\/p>\n<p>  <!--more-->  <\/p>\n<p>Un copiloto que sobrevolaba la zona en el momento del accidente asegura que el RJ-85 se declar\u00f3 en emergencia<br \/>Las autoridades conf\u00edan en que las cajas negras resulten concluyentes sobre lo que ocurri\u00f3 con el RJ-85.\u00a0 Las dos cajas fueron recuperadas &#8220;en perfecto estado&#8221;, lo que permitir\u00e1 conocer los par\u00e1metros de vuelo, las posibles incidencias t\u00e9cnicas, las conversaciones entre los pilotos y la torre de control y escuchar qu\u00e9 ocurri\u00f3 exactamente en la cabina hasta el momento exacto del siniestro.<br \/>Miguel Quiroga, piloto del avi\u00f3n que transportaba al equipo de f\u00fatbol brasile\u00f1o Chapecoense, que se estrell\u00f3 el lunes en una monta\u00f1a pr\u00f3xima a Medell\u00edn provocando la muerte de 71 personas, alert\u00f3 a la torre de control del aeropuerto que el aparato ten\u00eda \u201cuna falla el\u00e9ctrica total&#8221; y que estaba &#8220;sin combustible\u201d antes de que se perdiera su se\u00f1al en el radar, confirma un audio publicado en medios colombianos en el que se escucha la conversaci\u00f3n entre el comandante y la controladora a\u00e9rea. <br \/>El vuelo de la compa\u00f1\u00eda boliviana LaMia solicit\u00f3 \u201cuna aproximaci\u00f3n inmediata\u201d, pero delante suyo, como se puede escuchar en la grabaci\u00f3n, otras dos aeronaves iban a aterrizar.<br \/>\u201c\u00a1Vectores, se\u00f1orita, vectores!\u201d, se escucha desde la cabina del avi\u00f3n. La controladora solicita la altitud, pero nadie responde. En ese momento, se oye una voz de un hombre en la torre de control: \u201cAll\u00e1 cay\u00f3\u201d. Fin de la grabaci\u00f3n.<br \/>Este audio, conocido ayer, coincide con la versi\u00f3n de un copiloto de un avi\u00f3n de Avianca que volaba en ese momento cerca del avi\u00f3n de LaMia, en el que narra los momentos previos al siniestro. Ambos testimonios relatan que el piloto inform\u00f3 a la torre de control de que ten\u00eda un problema con el combustible. <br \/>Fuentes de Avianca han confirmado que se trata de un copiloto de la compa\u00f1\u00eda, pero no que lo que cuente sea la posici\u00f3n de Avianca ni que el relato sea realmente lo que ocurri\u00f3. \u201cSe trata de un mensaje personal\u201d, aseguran las mismas fuentes.<br \/>Seg\u00fan el relato, la torre de control cambi\u00f3 el rumbo del avi\u00f3n de Avianca 9356 en el que iba este copiloto. El testimonio prosigue contando c\u00f3mo solo cuando comienza a descender el piloto del avi\u00f3n de LaMia se declar\u00f3 en emergencia. \u201cLa controladora le dijo que informase del problema que ten\u00eda y en ese momento dijo: \u201cFalla total el\u00e9ctrica, vectores para pista, vectores para pista\u201d. Ah\u00ed, seg\u00fan el relato, se cort\u00f3 la comunicaci\u00f3n. El copiloto asegura que en ese momento a la controladora se le quebr\u00f3 la voz, pues ya no pudo volver a contactar con el avi\u00f3n boliviano.<br \/>Ximena Su\u00e1rez, la auxiliar de vuelo que ha sobrevivido al accidente del avi\u00f3n que trasladaba a los jugadores Chapecoense, ha asegurado a los equipos de rescate que la aeronave &#8220;se apag\u00f3 por completo&#8221; y &#8220;tuvo un fuerte descenso&#8221; antes de sufrir &#8220;un gran impacto&#8221;.<\/p>\n","protected":false},"excerpt":{"rendered":"<p>Accidente a\u00e9reo en Colombia<\/p>\n","protected":false},"author":93,"featured_media":0,"comment_status":"open","ping_status":"open","sticky":false,"template":"","format":"standard","meta":{"footnotes":""},"categories":[31],"tags":[],"class_list":["post-32679","post","type-post","status-publish","format-standard","hentry","category-orbe"],"_links":{"self":[{"href":"https:\/\/plazajuarez.mx\/historico\/wp-json\/wp\/v2\/posts\/32679","targetHints":{"allow":["GET"]}}],"collection":[{"href":"https:\/\/plazajuarez.mx\/historico\/wp-json\/wp\/v2\/posts"}],"about":[{"href":"https:\/\/plazajuarez.mx\/historico\/wp-json\/wp\/v2\/types\/post"}],"author":[{"embeddable":true,"href":"https:\/\/plazajuarez.mx\/historico\/wp-json\/wp\/v2\/users\/93"}],"replies":[{"embeddable":true,"href":"https:\/\/plazajuarez.mx\/historico\/wp-json\/wp\/v2\/comments?post=32679"}],"version-history":[{"count":0,"href":"https:\/\/plazajuarez.mx\/historico\/wp-json\/wp\/v2\/posts\/32679\/revisions"}],"wp:attachment":[{"href":"https:\/\/plazajuarez.mx\/historico\/wp-json\/wp\/v2\/media?parent=32679"}],"wp:term":[{"taxonomy":"category","embeddable":true,"href":"https:\/\/plazajuarez.mx\/historico\/wp-json\/wp\/v2\/categories?post=32679"},{"taxonomy":"post_tag","embeddable":true,"href":"https:\/\/plazajuarez.mx\/historico\/wp-json\/wp\/v2\/tags?post=32679"}],"curies":[{"name":"wp","href":"https:\/\/api.w.org\/{rel}","templated":true}]}}