{"id":32677,"date":"2016-12-01T13:53:32","date_gmt":"2016-12-01T13:53:32","guid":{"rendered":"http:\/\/plazajuarez.mx\/index\/index.php\/2016\/12\/01\/todos-los-dias-piensa-en-como-joder-a-mexico\/"},"modified":"2016-12-01T13:53:32","modified_gmt":"2016-12-01T13:53:32","slug":"todos-los-dias-piensa-en-como-joder-a-mexico","status":"publish","type":"post","link":"https:\/\/plazajuarez.mx\/historico\/todos-los-dias-piensa-en-como-joder-a-mexico\/","title":{"rendered":"Todos los d\u00edas piensa en c\u00f3mo joder a M\u00e9xico"},"content":{"rendered":"<p>A pesar de que Donaldo a\u00fan no es presidente<\/p>\n<p>  <!--more-->  <\/p>\n<p>Una empresa renuncia a llevarse la mitad del empleo a M\u00e9xico tras ser se\u00f1alada por Trump<br \/>El magnate hab\u00eda tomado Carrier, que produce aparatos de aire acondicionado en Indiana, como un s\u00edmbolo de la crisis industrial de Estados Unidos<br \/>Donald Trump prepara el anuncio de que la f\u00e1brica de Carrier en Indiana, convertida en el s\u00edmbolo de la fuga industrial a M\u00e9xico durante su campa\u00f1a electoral, se quedar\u00e1 en EU y que salvar\u00e1 as\u00ed la mitad de los puestos de trabajo, un millar. La noticia fue avanzada la noche de este martes por The New York Times y confirmada poco despu\u00e9s por la propia compa\u00f1\u00eda, en lo que ser\u00e1 un gesto potente en un sector sensible, el manufacturero.<br \/>Carrier, que produce aparatos de aire acondicionado, forma parte de esos subsectores industriales m\u00e1s vulnerables a la competencia de pa\u00edses con mano de obra m\u00e1s barata, y hab\u00eda planeado trasladar su producci\u00f3n para ahorrar costes. Y fue la historia que Trump no dej\u00f3 de contar en sus m\u00edtines como ejemplo de los da\u00f1os que el acuerdo comercial con M\u00e9xico y Canad\u00e1 (Nafta, por sus siglas en ingl\u00e9s) est\u00e1 causando en los trabajadores estadounidenses.<br \/>El republicano neoyorquino, hoy presidente electo, logra as\u00ed el primer gran gesto con los trabajadores de mono azul, una asociaci\u00f3n que se antojaba inesperada en un magnate de Manhattan, hijo de millonario. \u201cNos complace haber logrado un acuerdo con el presidente electo y con el vicepresidente para mantener casi 1.000 empleos en Indy. M\u00e1s detalles pronto\u201d, confirm\u00f3 la compa\u00f1\u00eda en su cuenta de la red social Twitter. No se saben los pormenores ni las contrapartidas del acuerdo.<br \/>Trump y el vicepresidente, Mike Pence, que es precisamente el gobernador de Indiana, visitar\u00e1n este jueves la planta, ubicada en Indian\u00e1polis, a la que el empresario neoyorquino, como candidato, amenaz\u00f3 con penalizar con aranceles del 35% si se llevaba el trabajo a M\u00e9xico.<\/p>\n","protected":false},"excerpt":{"rendered":"<p>A pesar de que Donaldo a\u00fan no es presidente<\/p>\n","protected":false},"author":93,"featured_media":0,"comment_status":"open","ping_status":"open","sticky":false,"template":"","format":"standard","meta":{"footnotes":""},"categories":[31],"tags":[],"class_list":["post-32677","post","type-post","status-publish","format-standard","hentry","category-orbe"],"_links":{"self":[{"href":"https:\/\/plazajuarez.mx\/historico\/wp-json\/wp\/v2\/posts\/32677","targetHints":{"allow":["GET"]}}],"collection":[{"href":"https:\/\/plazajuarez.mx\/historico\/wp-json\/wp\/v2\/posts"}],"about":[{"href":"https:\/\/plazajuarez.mx\/historico\/wp-json\/wp\/v2\/types\/post"}],"author":[{"embeddable":true,"href":"https:\/\/plazajuarez.mx\/historico\/wp-json\/wp\/v2\/users\/93"}],"replies":[{"embeddable":true,"href":"https:\/\/plazajuarez.mx\/historico\/wp-json\/wp\/v2\/comments?post=32677"}],"version-history":[{"count":0,"href":"https:\/\/plazajuarez.mx\/historico\/wp-json\/wp\/v2\/posts\/32677\/revisions"}],"wp:attachment":[{"href":"https:\/\/plazajuarez.mx\/historico\/wp-json\/wp\/v2\/media?parent=32677"}],"wp:term":[{"taxonomy":"category","embeddable":true,"href":"https:\/\/plazajuarez.mx\/historico\/wp-json\/wp\/v2\/categories?post=32677"},{"taxonomy":"post_tag","embeddable":true,"href":"https:\/\/plazajuarez.mx\/historico\/wp-json\/wp\/v2\/tags?post=32677"}],"curies":[{"name":"wp","href":"https:\/\/api.w.org\/{rel}","templated":true}]}}