{"id":32676,"date":"2016-12-01T13:52:24","date_gmt":"2016-12-01T13:52:24","guid":{"rendered":"http:\/\/plazajuarez.mx\/index\/index.php\/2016\/12\/01\/oea-pide-a-macri-excarcele-a-poderosa-lider-social\/"},"modified":"2016-12-01T13:52:24","modified_gmt":"2016-12-01T13:52:24","slug":"oea-pide-a-macri-excarcele-a-poderosa-lider-social","status":"publish","type":"post","link":"https:\/\/plazajuarez.mx\/historico\/oea-pide-a-macri-excarcele-a-poderosa-lider-social\/","title":{"rendered":"OEA pide a Macri excarcele a poderosa l\u00edder social"},"content":{"rendered":"<p>La derecha encarceladora de opositores <\/p>\n<p>  <!--more-->  <\/p>\n<p>Almagro, secretario del organismo multilateral, se suma a la ONU para exigir la liberaci\u00f3n<br \/>Mauricio Macri tiene un problema grave para su imagen internacional, y se llama Milagro Sala. La dirigente social kirchnerista, diputada, lleva casi un a\u00f1o en la c\u00e1rcel por supuesta malversaci\u00f3n de fondos, pero a\u00fan sin juicio. Macri insiste en defender que siga en prisi\u00f3n preventiva, una decisi\u00f3n judicial. Pero la movilizaci\u00f3n del kirchnerismo para liberarla ha sido fort\u00edsima. <br \/>Primero fue Amnist\u00eda Internacional, despu\u00e9s el Comit\u00e9 de Detenciones Arbitrarias de la ONU y ahora el secretario general de la Organizaci\u00f3n de Estados Americanos, Luis Almagro. Todos piden la liberaci\u00f3n inmediata de Milagro Sala. La carta de Almagro da un salto complicado para Macri: el uruguayo lleva meses reclamando la liberaci\u00f3n del venezolano Leopoldo L\u00f3pez. Cualquier comparaci\u00f3n har\u00eda mucho da\u00f1o al prestigio exterior de Macri, la gran estrella del giro hacia la ortodoxia en Latinoam\u00e9rica.<br \/>Las noticias en Argentina se producen casi siempre en Buenos Aires, donde vive el 40% de la poblaci\u00f3n. Pero las verdaderas batallas de poder, los negocios millonarios, las peleas encarnizadas, se dan en las provincias del interior. All\u00ed se disputan el territorio caciques locales, sindicalistas, empresarios y multinacionales mineras que luchan por una porci\u00f3n de la enorme riqueza del pa\u00eds. Y es una de esas provincias, Jujuy, una de las m\u00e1s pobres, al norte, donde se vive una batalla definitiva entre Gerardo Morales, el nuevo gobernador, cercano a Mauricio Macri, el presidente, y Milagro Sala, una dirigente social que lleg\u00f3 a construir un estado paralelo con su grupo Tupac Amaru, en el sus militantes recib\u00edan vivienda, educaci\u00f3n y salud gestionada por la organizaci\u00f3n, al margen del Estado. <br \/>Construy\u00f3 incluso un barrio cerrado para pobres, llamado ir\u00f3nicamente \u201cel cantri\u201d \u2013los argentinos de clase media-alta llaman \u201ccountry\u201d a las urbanizaciones valladas que se no paran de crecer para protegerse de la inseguridad-.<br \/>El poder de Sala creci\u00f3 gracias al dinero que le enviaba directamente el Gobierno de Cristina Fern\u00e1ndez de Kirchner, su gran aliada. Jujuy tiene 85.000 empleados p\u00fablicos, ella ten\u00eda 80.000 militantes. Miraba al Estado de igual a igual.<\/p>\n","protected":false},"excerpt":{"rendered":"<p>La derecha encarceladora de opositores<\/p>\n","protected":false},"author":93,"featured_media":0,"comment_status":"open","ping_status":"open","sticky":false,"template":"","format":"standard","meta":{"footnotes":""},"categories":[31],"tags":[],"class_list":["post-32676","post","type-post","status-publish","format-standard","hentry","category-orbe"],"_links":{"self":[{"href":"https:\/\/plazajuarez.mx\/historico\/wp-json\/wp\/v2\/posts\/32676","targetHints":{"allow":["GET"]}}],"collection":[{"href":"https:\/\/plazajuarez.mx\/historico\/wp-json\/wp\/v2\/posts"}],"about":[{"href":"https:\/\/plazajuarez.mx\/historico\/wp-json\/wp\/v2\/types\/post"}],"author":[{"embeddable":true,"href":"https:\/\/plazajuarez.mx\/historico\/wp-json\/wp\/v2\/users\/93"}],"replies":[{"embeddable":true,"href":"https:\/\/plazajuarez.mx\/historico\/wp-json\/wp\/v2\/comments?post=32676"}],"version-history":[{"count":0,"href":"https:\/\/plazajuarez.mx\/historico\/wp-json\/wp\/v2\/posts\/32676\/revisions"}],"wp:attachment":[{"href":"https:\/\/plazajuarez.mx\/historico\/wp-json\/wp\/v2\/media?parent=32676"}],"wp:term":[{"taxonomy":"category","embeddable":true,"href":"https:\/\/plazajuarez.mx\/historico\/wp-json\/wp\/v2\/categories?post=32676"},{"taxonomy":"post_tag","embeddable":true,"href":"https:\/\/plazajuarez.mx\/historico\/wp-json\/wp\/v2\/tags?post=32676"}],"curies":[{"name":"wp","href":"https:\/\/api.w.org\/{rel}","templated":true}]}}