{"id":32675,"date":"2016-12-01T13:51:20","date_gmt":"2016-12-01T13:51:20","guid":{"rendered":"http:\/\/plazajuarez.mx\/index\/index.php\/2016\/12\/01\/zemeckis-confirma-que-no-habra-remake-de-volver-al-futuro\/"},"modified":"2016-12-01T13:51:20","modified_gmt":"2016-12-01T13:51:20","slug":"zemeckis-confirma-que-no-habra-remake-de-volver-al-futuro","status":"publish","type":"post","link":"https:\/\/plazajuarez.mx\/historico\/zemeckis-confirma-que-no-habra-remake-de-volver-al-futuro\/","title":{"rendered":"Zemeckis confirma que no habr\u00e1 remake de &#8216;Volver al futuro&#8217;"},"content":{"rendered":"<p>Indican que &#8216;ET, El Extraterrestre&#8217; tampoco tendr\u00e1 secuela<\/p>\n<p>  <!--more-->  <\/p>\n<p>Hollywood ha hecho todo un negocio de crear nuevas versiones o adaptaciones modernas de pel\u00edculas cl\u00e1sicas, pero hay al menos dos grandes t\u00edtulos de la ciencia ficci\u00f3n de los ochenta que nunca pasar\u00e1n por remake: &#8220;ET El Extraterrestre&#8221; y &#8220;Volver al futuro&#8221;.<br \/>Al menos, seg\u00fan lo que han asegurado hasta ahora el productor Frank Marshall y el director de la saga futurista, Robert Zemeckis, quienes se han pronunciado en contra de esa idea o de hacer secuelas o continuaciones.<br \/>Marshall acaba de ratificarlo en una entrevista con el sitio Yahoo Movies, en el que dijo, para aclarar cualquier duda: &#8220;Nunca tocaremos \u00e9sas (&#8230;) No, mientras yo tenga algo que decir. \u00c9sa (&#8216;Volver al futuro&#8217;) existe igual que &#8216;ET&#8217;, nunca vamos a tocarlas. Adoro verlas&#8221;.<br \/>El guionista Bob Gale rechaz\u00f3 la idea en 2014, cuando se rumor\u00f3 sobre la posibilidad de hacer una &#8220;Volver al futuro 4&#8221;.<br \/>La trilog\u00eda de &#8220;Volver al futuro&#8221; (1985-1990) est\u00e1 considerada entre las pel\u00edculas m\u00e1s exitosas de la productora Universal, mientras que &#8220;ET El Extraterrestre&#8221; es la n\u00famero 60 m\u00e1s taquillera de todos los tiempos.<\/p>\n","protected":false},"excerpt":{"rendered":"<p>Indican que &#8216;ET, El Extraterrestre&#8217; tampoco tendr\u00e1 secuela<\/p>\n","protected":false},"author":93,"featured_media":0,"comment_status":"open","ping_status":"open","sticky":false,"template":"","format":"standard","meta":{"footnotes":""},"categories":[38],"tags":[],"class_list":["post-32675","post","type-post","status-publish","format-standard","hentry","category-show"],"_links":{"self":[{"href":"https:\/\/plazajuarez.mx\/historico\/wp-json\/wp\/v2\/posts\/32675","targetHints":{"allow":["GET"]}}],"collection":[{"href":"https:\/\/plazajuarez.mx\/historico\/wp-json\/wp\/v2\/posts"}],"about":[{"href":"https:\/\/plazajuarez.mx\/historico\/wp-json\/wp\/v2\/types\/post"}],"author":[{"embeddable":true,"href":"https:\/\/plazajuarez.mx\/historico\/wp-json\/wp\/v2\/users\/93"}],"replies":[{"embeddable":true,"href":"https:\/\/plazajuarez.mx\/historico\/wp-json\/wp\/v2\/comments?post=32675"}],"version-history":[{"count":0,"href":"https:\/\/plazajuarez.mx\/historico\/wp-json\/wp\/v2\/posts\/32675\/revisions"}],"wp:attachment":[{"href":"https:\/\/plazajuarez.mx\/historico\/wp-json\/wp\/v2\/media?parent=32675"}],"wp:term":[{"taxonomy":"category","embeddable":true,"href":"https:\/\/plazajuarez.mx\/historico\/wp-json\/wp\/v2\/categories?post=32675"},{"taxonomy":"post_tag","embeddable":true,"href":"https:\/\/plazajuarez.mx\/historico\/wp-json\/wp\/v2\/tags?post=32675"}],"curies":[{"name":"wp","href":"https:\/\/api.w.org\/{rel}","templated":true}]}}