{"id":32674,"date":"2016-12-01T13:51:19","date_gmt":"2016-12-01T13:51:19","guid":{"rendered":"http:\/\/plazajuarez.mx\/index\/index.php\/2016\/12\/01\/jlo-publica-foto-donde-aparece-con-el-ojo-morado\/"},"modified":"2016-12-01T13:51:19","modified_gmt":"2016-12-01T13:51:19","slug":"jlo-publica-foto-donde-aparece-con-el-ojo-morado","status":"publish","type":"post","link":"https:\/\/plazajuarez.mx\/historico\/jlo-publica-foto-donde-aparece-con-el-ojo-morado\/","title":{"rendered":"JLo publica foto donde aparece con el ojo morado"},"content":{"rendered":"<p>En la imagen la cantante da a entender que se golpe\u00f3 trabajando<\/p>\n<p>  <!--more-->  <\/p>\n<p>A ciencia cierta no se sabe qu\u00e9 le pas\u00f3 a Jennifer L\u00f3pez o qu\u00e9 estaba haciendo que result\u00f3 con un ojo morado.<br \/>La &#8220;Diva del Bronx&#8221; subi\u00f3 una imagen a su cuenta de Instagram, donde aparece haciendo un puchero y mostrando su ojo derecho con un moret\u00f3n, y con una leyenda que dec\u00eda: &#8220;A veces el trabajo puede ser rudo&#8221;, acompa\u00f1ada de varios hashtags como #sufferforyourart (sufriendo por tu arte), #youshouldseetheotherguy (hubieran visto al otro tipo) #shiner (ojo morado), entre otros.<br \/>Con menos de una hora la publicaci\u00f3n alcanz\u00f3 m\u00e1s de 58 mil me gusta.<br \/>Aunque la tambi\u00e9n actriz no ha aclarado si el moret\u00f3n es real o parte de la caracterizaci\u00f3n para alg\u00fan proyecto, sus fans de inmediato reaccionaron, algunos le preguntaban qu\u00e9 le hab\u00eda pasado, otros le deseaban una pronta mejor\u00eda e incluso otros le daban \u00e1nimos diciendo que a\u00fan as\u00ed era bella, pero hubo algunos con un poco de humor como tinab411 que le sugiri\u00f3 cirug\u00eda pl\u00e1stica, por ahora s\u00f3lo queda esperar que J.Lo aclare qu\u00e9 le pas\u00f3.<br \/>El fin de semana Jennifer caus\u00f3 revuelo en la misma red social al compartir un video en donde aparece bailando de manera sensual.<br \/>D\u00edas antes tambi\u00e9n dio de qu\u00e9 hablar luego de besar a Marc Anthony en la entrega del Latin Grammy y ahora se dice que \u00e9l busca reconquistarla, , tras terminar abruptamente con la modelo venezolana Shannon De Lima, de acuerdo a los \u00faltimos reportes de la prensa de los Estados Unidos.<br \/>En tanto, la protagonista de la serie Shades Of Blue recientemente se separ\u00f3 del bailar\u00edn Casper Smart, de 29 a\u00f1os, tras cinco a\u00f1os juntos.<br \/>La ruptura entre el latino y la maniqu\u00ed se dio a conocer un d\u00eda despu\u00e9s del beso que J-Lo y Anthony se dieron en el escenario de los Latin Grammys.<br \/>Al parecer, el cantante boricua de 48 a\u00f1os quiere reavivar esa relaci\u00f3n con la actriz, de 47. Una fuente cercana al int\u00e9rprete de Vivir Mi Vida revel\u00f3 a la revista Us Weekly que Marc &#8220;est\u00e1 tratando de volver a estar con ella&#8221;. <br \/>Los m\u00fasicos se casaron en 2004, se separaron en 2011 y finalizaron su divorcio en 2014. La ex pareja tiene dos hijos: Max y Emme, de ocho a\u00f1os.<br \/>Jennifer y Marc hicieron un cover del tema &#8220;Olv\u00eddame Y Pega La Vuelta&#8221; durante la premiaci\u00f3n que se realiz\u00f3 en Las Vegas el 17 de noviembre.<\/p>\n","protected":false},"excerpt":{"rendered":"<p>En la imagen la cantante da a entender que se golpe\u00f3 trabajando<\/p>\n","protected":false},"author":93,"featured_media":0,"comment_status":"open","ping_status":"open","sticky":false,"template":"","format":"standard","meta":{"footnotes":""},"categories":[38],"tags":[],"class_list":["post-32674","post","type-post","status-publish","format-standard","hentry","category-show"],"_links":{"self":[{"href":"https:\/\/plazajuarez.mx\/historico\/wp-json\/wp\/v2\/posts\/32674","targetHints":{"allow":["GET"]}}],"collection":[{"href":"https:\/\/plazajuarez.mx\/historico\/wp-json\/wp\/v2\/posts"}],"about":[{"href":"https:\/\/plazajuarez.mx\/historico\/wp-json\/wp\/v2\/types\/post"}],"author":[{"embeddable":true,"href":"https:\/\/plazajuarez.mx\/historico\/wp-json\/wp\/v2\/users\/93"}],"replies":[{"embeddable":true,"href":"https:\/\/plazajuarez.mx\/historico\/wp-json\/wp\/v2\/comments?post=32674"}],"version-history":[{"count":0,"href":"https:\/\/plazajuarez.mx\/historico\/wp-json\/wp\/v2\/posts\/32674\/revisions"}],"wp:attachment":[{"href":"https:\/\/plazajuarez.mx\/historico\/wp-json\/wp\/v2\/media?parent=32674"}],"wp:term":[{"taxonomy":"category","embeddable":true,"href":"https:\/\/plazajuarez.mx\/historico\/wp-json\/wp\/v2\/categories?post=32674"},{"taxonomy":"post_tag","embeddable":true,"href":"https:\/\/plazajuarez.mx\/historico\/wp-json\/wp\/v2\/tags?post=32674"}],"curies":[{"name":"wp","href":"https:\/\/api.w.org\/{rel}","templated":true}]}}