{"id":32673,"date":"2016-12-01T13:51:28","date_gmt":"2016-12-01T13:51:28","guid":{"rendered":"http:\/\/plazajuarez.mx\/index\/index.php\/2016\/12\/01\/amanda-seyfried-sorprende-con-su-barriguita\/"},"modified":"2016-12-01T13:51:28","modified_gmt":"2016-12-01T13:51:28","slug":"amanda-seyfried-sorprende-con-su-barriguita","status":"publish","type":"post","link":"https:\/\/plazajuarez.mx\/historico\/amanda-seyfried-sorprende-con-su-barriguita\/","title":{"rendered":"Amanda Seyfried sorprende con su barriguita"},"content":{"rendered":"<p>La actriz se present\u00f3 en el evento promocional de la nueva campa\u00f1a publicitaria de la firma de moda Givenchy luciendo un evidente &#8220;baby bump&#8221; para desvelar a continuaci\u00f3n que est\u00e1 embarazada.\u00a0\u00a0\u00a0\u00a0<\/p>\n<p>  <!--more-->  <\/p>\n<p>\u00a0 \u00a0\u00a0\u00a0\u00a0\u00a0 \u00a0\u00a0\u00a0 <br \/>\u00a0\u00a0\u00a0 \u00a0\u00a0\u00a0 <br \/>La actriz Amanda Seyfried ha confirmado en la rueda de prensa de la nueva campa\u00f1a publicitaria de la firma Givenchy que espera su primer hijo junto a su prometido Thomas Sadoski, una noticia que no ha pasado desapercibida en las redes sociales desde que la revista People fuera el primer medio que se hiciera eco de la prominente &#8220;pancita&#8221; que ya luce la int\u00e9rprete.<br \/>&#8220;Alerta, Amanda Seyfried est\u00e1 embarazada. La actriz se estrenar\u00e1 en la maternidad con su prometido Thomas Sadoski&#8221;, se lee en el mensaje publicado por la revista junto a una imagen del evento promocional que protagoniz\u00f3 Amanda en la noche de el martes.<br \/>El primer embarazo de la famosa artista llega solo dos meses despu\u00e9s de que la pareja anunciara su compromiso matrimonial tras solo medio a\u00f1o de intensa relaci\u00f3n sentimental, aunque ambos se conocieron en 2015 al coincidir en la obra de teatro &#8216;The Way We Get By&#8217; que se represent\u00f3 en Broadway (Nueva York).<br \/>&#8220;Tommy y Amanda se comprometieron hace escasos d\u00edas y compartieron la feliz noticia con sus familiares y sus amigos m\u00e1s cercanos&#8221;, aseguraba a la misma publicaci\u00f3n una fuente cercana a los dos int\u00e9rpretes.<br \/>La actriz estadounidense, quien tuvo romances con Justin Long y Dominic Cooper, llegar\u00e1 al altar por primera vez con el padre de su futuro hijo, mientras que para Thomas ser\u00e1 su segundo enlace tras haber estado casado durante ocho a\u00f1os con Kimberly Hope, con quien puso precisamente fin a su relaci\u00f3n en el verano de 2015.<\/p>\n","protected":false},"excerpt":{"rendered":"<p>La actriz se present\u00f3 en el evento promocional de la nueva campa\u00f1a publicitaria de la firma de moda Givenchy luciendo un evidente &#8220;baby bump&#8221; para desvelar a continuaci\u00f3n que est\u00e1 embarazada.\u00a0\u00a0\u00a0\u00a0<\/p>\n","protected":false},"author":93,"featured_media":0,"comment_status":"open","ping_status":"open","sticky":false,"template":"","format":"standard","meta":{"footnotes":""},"categories":[38],"tags":[],"class_list":["post-32673","post","type-post","status-publish","format-standard","hentry","category-show"],"_links":{"self":[{"href":"https:\/\/plazajuarez.mx\/historico\/wp-json\/wp\/v2\/posts\/32673","targetHints":{"allow":["GET"]}}],"collection":[{"href":"https:\/\/plazajuarez.mx\/historico\/wp-json\/wp\/v2\/posts"}],"about":[{"href":"https:\/\/plazajuarez.mx\/historico\/wp-json\/wp\/v2\/types\/post"}],"author":[{"embeddable":true,"href":"https:\/\/plazajuarez.mx\/historico\/wp-json\/wp\/v2\/users\/93"}],"replies":[{"embeddable":true,"href":"https:\/\/plazajuarez.mx\/historico\/wp-json\/wp\/v2\/comments?post=32673"}],"version-history":[{"count":0,"href":"https:\/\/plazajuarez.mx\/historico\/wp-json\/wp\/v2\/posts\/32673\/revisions"}],"wp:attachment":[{"href":"https:\/\/plazajuarez.mx\/historico\/wp-json\/wp\/v2\/media?parent=32673"}],"wp:term":[{"taxonomy":"category","embeddable":true,"href":"https:\/\/plazajuarez.mx\/historico\/wp-json\/wp\/v2\/categories?post=32673"},{"taxonomy":"post_tag","embeddable":true,"href":"https:\/\/plazajuarez.mx\/historico\/wp-json\/wp\/v2\/tags?post=32673"}],"curies":[{"name":"wp","href":"https:\/\/api.w.org\/{rel}","templated":true}]}}