{"id":32591,"date":"2016-11-29T13:22:17","date_gmt":"2016-11-29T13:22:17","guid":{"rendered":"http:\/\/plazajuarez.mx\/index\/index.php\/2016\/11\/29\/comerciantes-ambulantes-se-manifiestan-en-gobierno\/"},"modified":"2016-11-29T13:22:17","modified_gmt":"2016-11-29T13:22:17","slug":"comerciantes-ambulantes-se-manifiestan-en-gobierno","status":"publish","type":"post","link":"https:\/\/plazajuarez.mx\/historico\/comerciantes-ambulantes-se-manifiestan-en-gobierno\/","title":{"rendered":"Comerciantes ambulantes se manifiestan en Gobierno"},"content":{"rendered":"<p>FOIDEH<\/p>\n<p>\u00d3scar Pelcastre Alm\u00e1nza solicit\u00f3 la intervenci\u00f3n del mandatario estatal Omar Fayad Meneses, para que sean respetados los acuerdos pactados<\/p>\n<p>  <!--more-->  <\/p>\n<p>El l\u00edder de la Federaci\u00f3n de Organizaciones Independientes de Hidalgo (FOIDEH), \u00d3scar Pelcastre Alm\u00e1nza, solicit\u00f3 la intervenci\u00f3n del mandatario estatal Omar Fayad Meneses, para que sean respetados los acuerdos pactados con los comerciantes ambulantes instalados en el primer cuadro de la ciudad.<\/p>\n<p>Respaldado por numeroso grupo de comerciantes y seguidores, se present\u00f3 en palacio de gobierno para solicitar audiencia e intervenci\u00f3n del mandatario estatal, as\u00ed como la exigencia del cumplimiento de los acuerdos establecidos entre presidencia municipal y comerciantes.<\/p>\n<p>Refiri\u00f3 que en d\u00edas pasados se lleg\u00f3 al acuerdo de ser reubicados, pagando el espacio que ocupar\u00edan,\u00a0 sin embargo, el acuerdo no fue respetado &#8220;nunca he negado retirarme de las calles, no tengo problemas con la presidenta municipal ni con la presidencia, el problema es con el PAN&#8221;, dijo.<\/p>\n<p>Agreg\u00f3, &#8220;llegan a acuerdos y los echan abajo, lo que vengo a pedir es la intervenci\u00f3n, para que se respeten los acuerdos que se llevaron a cabo con los comerciantes del primer cuadro, y no digan que me estoy revelando&#8221;.<\/p>\n<p>Pelcastre Alm\u00e1nza puntualiz\u00f3 que a pesar de haberse concretado la reubicaci\u00f3n, quisieron &#8220;desbancar&#8221; a la FOIDEH, presentando a tres nuevos l\u00edderes, no obstante esta situaci\u00f3n result\u00f3 ben\u00e9fica pues la presidencia autoriz\u00f3 su permanencia por todo el mes diciembre, adem\u00e1s adelant\u00f3 que entrar\u00e1n 100 comerciantes m\u00e1s al primer cuadro de la ciudad.<\/p>\n<p>&#8220;Ya no habr\u00e1 reubicaci\u00f3n porque la FOIDEH no se mueve, ya nos autorizaron diciembre; no estamos en contra de la reubicaci\u00f3n, pero por querer destruir FOIDEH, nos quedaremos todo diciembre&#8221;.<\/p>\n","protected":false},"excerpt":{"rendered":"<p>FOIDEH \u00d3scar Pelcastre Alm\u00e1nza solicit\u00f3 la intervenci\u00f3n del mandatario estatal Omar Fayad Meneses, para que sean respetados los acuerdos pactados<\/p>\n","protected":false},"author":93,"featured_media":0,"comment_status":"open","ping_status":"open","sticky":false,"template":"","format":"standard","meta":{"footnotes":""},"categories":[59],"tags":[],"class_list":["post-32591","post","type-post","status-publish","format-standard","hentry","category-general"],"_links":{"self":[{"href":"https:\/\/plazajuarez.mx\/historico\/wp-json\/wp\/v2\/posts\/32591","targetHints":{"allow":["GET"]}}],"collection":[{"href":"https:\/\/plazajuarez.mx\/historico\/wp-json\/wp\/v2\/posts"}],"about":[{"href":"https:\/\/plazajuarez.mx\/historico\/wp-json\/wp\/v2\/types\/post"}],"author":[{"embeddable":true,"href":"https:\/\/plazajuarez.mx\/historico\/wp-json\/wp\/v2\/users\/93"}],"replies":[{"embeddable":true,"href":"https:\/\/plazajuarez.mx\/historico\/wp-json\/wp\/v2\/comments?post=32591"}],"version-history":[{"count":0,"href":"https:\/\/plazajuarez.mx\/historico\/wp-json\/wp\/v2\/posts\/32591\/revisions"}],"wp:attachment":[{"href":"https:\/\/plazajuarez.mx\/historico\/wp-json\/wp\/v2\/media?parent=32591"}],"wp:term":[{"taxonomy":"category","embeddable":true,"href":"https:\/\/plazajuarez.mx\/historico\/wp-json\/wp\/v2\/categories?post=32591"},{"taxonomy":"post_tag","embeddable":true,"href":"https:\/\/plazajuarez.mx\/historico\/wp-json\/wp\/v2\/tags?post=32591"}],"curies":[{"name":"wp","href":"https:\/\/api.w.org\/{rel}","templated":true}]}}