{"id":32588,"date":"2016-11-29T13:21:33","date_gmt":"2016-11-29T13:21:33","guid":{"rendered":"http:\/\/plazajuarez.mx\/index\/index.php\/2016\/11\/29\/operativos-de-seguridad-para-prevenir-efecto-cucaracha\/"},"modified":"2016-11-29T13:21:33","modified_gmt":"2016-11-29T13:21:33","slug":"operativos-de-seguridad-para-prevenir-efecto-cucaracha","status":"publish","type":"post","link":"https:\/\/plazajuarez.mx\/historico\/operativos-de-seguridad-para-prevenir-efecto-cucaracha\/","title":{"rendered":"Operativos de seguridad para prevenir \u201cefecto cucaracha\u201d"},"content":{"rendered":"<p>Omar Fayad inform\u00f3 que se han realizado varias reuniones en torno al tema de la seguridad con autoridades federales<\/p>\n<p>  <!--more-->  <\/p>\n<p>El gobernador del estado de Hidalgo, Omar Fayad Meneses, inform\u00f3 que con la intenci\u00f3n de prevenir \u201cel efecto cucaracha\u201d se han realizado varias reuniones en torno al tema de la seguridad con autoridades federales a fin de que se puedan establecer acciones conjuntas que permitan blindar al estado de Hidalgo de los delincuentes que acuden a realizar sus fechor\u00edas a la entidad.<\/p>\n<p>Por lo anterior destac\u00f3 que ya van dos reuniones que preside, la \u00faltima el pasado jueves, con la que se establecieron algunas estrategias como la implementaci\u00f3n de operativos de seguridad en regiones aleda\u00f1as a otros estados, como el caso del municipio de Tizayuca, por lo anterior, el Gobernador apunt\u00f3 que el objetivo ser\u00e1 no s\u00f3lo mantener los \u00edndices sino prevenir situaciones como el efecto cucaracha.<\/p>\n<p>\u201cEstamos construyendo el mapa necesario para saber cu\u00e1les son nuestras zonas de riesgo, y realizamos operativos diversos, Tizayuca es un lugar pero tambi\u00e9n tenemos que poner mucha atenci\u00f3n en zonas como: Tula, Atotonilco, la Huasteca, Tulancingo y Pachuca. Sobre todo hemos puesto en la mesa, el tema de la prevenci\u00f3n del efecto cucaracha que se da por la presi\u00f3n que hay en estados colindantes en contra de la delincuencia, lo que podr\u00eda orillar a los delincuentes a venir a Hidalgo\u201d, dijo.<\/p>\n<p>De igual forma, se\u00f1al\u00f3 que al entablar las mesas de coordinaci\u00f3n se han tenido buenos resultados aunque reconoci\u00f3 que por el n\u00famero de\u00a0 las instancias de los tres \u00f3rdenes de gobierno que participan, la coordinaci\u00f3n ha sido compleja. <\/p>\n<p>Finalmente, el mandatario estatal, asever\u00f3 que\u00a0 se continuar\u00e1 con acciones que permitan fortalecer el sistema de justicia y de seguridad en Hidalgo, \u201cvamos a implementar un programa de seguridad p\u00fablica que tiene que ver con el fortalecimiento del sistema,\u00a0 la contrataci\u00f3n de nuevos elementos, y la puesta en operaci\u00f3n del sistema m\u00e1s ambicioso de video vigilancia, para el cual ya se han sumado muchos empresarios a fin de contribuir al tema de seguridad\u201d, concluy\u00f3 Fayad Meneses.<\/p>\n","protected":false},"excerpt":{"rendered":"<p>Omar Fayad inform\u00f3 que se han realizado varias reuniones en torno al tema de la seguridad con autoridades federales<\/p>\n","protected":false},"author":93,"featured_media":0,"comment_status":"open","ping_status":"open","sticky":false,"template":"","format":"standard","meta":{"footnotes":""},"categories":[59],"tags":[],"class_list":["post-32588","post","type-post","status-publish","format-standard","hentry","category-general"],"_links":{"self":[{"href":"https:\/\/plazajuarez.mx\/historico\/wp-json\/wp\/v2\/posts\/32588","targetHints":{"allow":["GET"]}}],"collection":[{"href":"https:\/\/plazajuarez.mx\/historico\/wp-json\/wp\/v2\/posts"}],"about":[{"href":"https:\/\/plazajuarez.mx\/historico\/wp-json\/wp\/v2\/types\/post"}],"author":[{"embeddable":true,"href":"https:\/\/plazajuarez.mx\/historico\/wp-json\/wp\/v2\/users\/93"}],"replies":[{"embeddable":true,"href":"https:\/\/plazajuarez.mx\/historico\/wp-json\/wp\/v2\/comments?post=32588"}],"version-history":[{"count":0,"href":"https:\/\/plazajuarez.mx\/historico\/wp-json\/wp\/v2\/posts\/32588\/revisions"}],"wp:attachment":[{"href":"https:\/\/plazajuarez.mx\/historico\/wp-json\/wp\/v2\/media?parent=32588"}],"wp:term":[{"taxonomy":"category","embeddable":true,"href":"https:\/\/plazajuarez.mx\/historico\/wp-json\/wp\/v2\/categories?post=32588"},{"taxonomy":"post_tag","embeddable":true,"href":"https:\/\/plazajuarez.mx\/historico\/wp-json\/wp\/v2\/tags?post=32588"}],"curies":[{"name":"wp","href":"https:\/\/api.w.org\/{rel}","templated":true}]}}