{"id":32586,"date":"2016-11-29T13:20:03","date_gmt":"2016-11-29T13:20:03","guid":{"rendered":"http:\/\/plazajuarez.mx\/index\/index.php\/2016\/11\/29\/fidel-ha-trascendido-en-la-humanidad\/"},"modified":"2016-11-29T13:20:03","modified_gmt":"2016-11-29T13:20:03","slug":"fidel-ha-trascendido-en-la-humanidad","status":"publish","type":"post","link":"https:\/\/plazajuarez.mx\/historico\/fidel-ha-trascendido-en-la-humanidad\/","title":{"rendered":"Fidel ha trascendido en la humanidad"},"content":{"rendered":"<p>Fidel no se le debe juzgar por el comportamiento de sus hijos, de su descendencia, sino por su transparencia y coherencia a lo largo de su vida<\/p>\n<p>  <!--more-->  <\/p>\n<p>Fidel trascendi\u00f3 m\u00e1s all\u00e1 de la Sierra Maestra, m\u00e1s all\u00e1 de Santiago de Cuba, su ejemplo y sus ideas han trascendido su pa\u00eds. Fidel ha dejado de ser cubano, para desde ahora convertirse en un hombre universal; al igual que Saint-Simon, Charles Fourier, Robert Owen, Karl Marx, Federico Engels, Vladimir I. Lenin y tantos otros ide\u00f3logos que han entregado su vida a buscar un mundo mejor para la humanidad, Fidel desde ahora ha pasado a formar parte de esos hombres convencidos de que existe un mundo mejor para los seres humanos, lejos de la pobreza, de la miseria, de la explotaci\u00f3n y la segregaci\u00f3n racial.<\/p>\n<p>A Fidel no se le debe juzgar por el comportamiento de sus hijos, de su descendencia, sino por su transparencia y coherencia a lo largo de su vida; por su consecuencia para actuar en la pr\u00e1ctica de acuerdo con las ideas que asumi\u00f3 y desarroll\u00f3. \u00c9l no propuso tomar las armas para derrocar a un tirano que ultraj\u00f3 su patria y se escondi\u00f3 luego en un caf\u00e9 con sus amigos para hablar de revoluci\u00f3n, \u00a1no!, \u00e9l tom\u00f3 las armas y estuvo siempre en la primera l\u00ednea de fuego en el asalto al Cuartel Moncada en 1953, en el desembarco del Granma en 1956, en la Sierra maestra y hasta el triunfo de la revoluci\u00f3n en 1959; en la invasi\u00f3n de Playa Gir\u00f3n y la defensa de la soberan\u00eda de Cuba en 1961 y a lo largo de su vida al frente del gobierno de su pa\u00eds.<\/p>\n<p>Fidel ha muerto, su cuerpo ha cedido ante la carga de los a\u00f1os, pero lo ha hecho para trascender en la humanidad y vivir eternamente en su pensamiento revolucionario, en su visi\u00f3n sobre la construcci\u00f3n del socialismo, en lo que deber\u00eda ser esta etapa del desarrollo hist\u00f3rico de la sociedad impostergable, la cual llegar\u00e1 a imponerse tarde o temprano como lo hizo el capitalismo al feudalismo, en sus propuestas de soluci\u00f3n a los problemas de construcci\u00f3n del socialismo; en su propia visi\u00f3n del internacionalismo cubano que llev\u00f3 a sus soldados a unirse en la lucha contra el colonialismo en Asia, \u00c1frica y Am\u00e9rica latina, para m\u00e1s tarde transformar esas fuerzas por tropas de m\u00e9dicos, profesores y profesionales para ayudar a sacar a muchos pa\u00edses del subdesarrollo.<\/p>\n<p>Indudablemente, el 75% de la poblaci\u00f3n que ha nacido durante los a\u00f1os de revoluci\u00f3n, iniciados el 1 de enero de 1959, no eligieron vivir en la Cuba socialista, pero gracias a ello lograr nacer en una cl\u00ednica en un hospital, tener atenci\u00f3n m\u00e9dica y garantizados sus estudios, desde la guarder\u00eda infantil hasta la universidad, trabajo, acceso a la cultura y al esparcimiento. Pero no se puede negar que la construcci\u00f3n de la Cuba socialista ha tenido un gran costo y sacrificio, no s\u00f3lo en las vidas que se perdieron durante la lucha armada contra Fulgencio Batista, sino en la defensa de la revoluci\u00f3n y su construcci\u00f3n.<\/p>\n<p>El bloqueo econ\u00f3mico impuesto por los Estados Unidos ha sido un estrangulamiento permanente sobre la revoluci\u00f3n; durante m\u00e1s de 50 a\u00f1os, los cubanos han enfrentado el bloqueo que les ha imposibilitado comprar maquinaria y equipos, repuestos, medicamentos, alimentos y muchas otras mercanc\u00edas que habr\u00edan hecho su vida distinta, haciendo que la revoluci\u00f3n se vea como la culpable de las limitaciones econ\u00f3micas, de la penuria que han tenido que enfrentar miles de familias.<\/p>\n<p>Es dif\u00edcil entender el bloque sino se sufre, pero basta recordar que en M\u00e9xico en 1982 no hubo manera de importar los tubos para envasar la pasta de dientes. Viviendo en Nicaragua, durante la revoluci\u00f3n, hab\u00eda un bloqueo econ\u00f3mico que imped\u00eda importar repuestos para autos; recuerdo entonces que un simple diafragma de pl\u00e1stico imped\u00eda que un auto funcionara, entonces invente un pegamento con poroplast o poliestireno (debido a que no exist\u00edan pegamentos tampoco) mezclado con gasolina, lo que me permiti\u00f3 pegar el diafragma y hacer que volviera a funcionar aquel auto.<\/p>\n<p>No se puede culpar a Fidel del bienestar alcanzado por la mayor\u00eda del pueblo cubano, por su sistema de salud, de educaci\u00f3n de seguridad social, por querer lo mejor para su pueblo.\u00a0 Hoy Fidel ha muerto, pero continuar\u00e1 vivo en tanto sus ideas sigan vigentes y haya quienes luchen con ellas para transformar el mundo actual. Sin Fidel, sin la revoluci\u00f3n cubana, mis propias ideas se habr\u00edan ahogado, mis propios sue\u00f1os, jam\u00e1s habr\u00eda podido vivir y conocer el socialismo cubano en los a\u00f1os setentas, ni participado en la revoluci\u00f3n en Nicaragua; todo ello fue posible gracias a Fidel y sus sue\u00f1os.<\/p>\n","protected":false},"excerpt":{"rendered":"<p>Fidel no se le debe juzgar por el comportamiento de sus hijos, de su descendencia, sino por su transparencia y coherencia a lo largo de su vida<\/p>\n","protected":false},"author":93,"featured_media":0,"comment_status":"open","ping_status":"open","sticky":false,"template":"","format":"standard","meta":{"footnotes":""},"categories":[42],"tags":[],"class_list":["post-32586","post","type-post","status-publish","format-standard","hentry","category-nuestrapalabra"],"_links":{"self":[{"href":"https:\/\/plazajuarez.mx\/historico\/wp-json\/wp\/v2\/posts\/32586","targetHints":{"allow":["GET"]}}],"collection":[{"href":"https:\/\/plazajuarez.mx\/historico\/wp-json\/wp\/v2\/posts"}],"about":[{"href":"https:\/\/plazajuarez.mx\/historico\/wp-json\/wp\/v2\/types\/post"}],"author":[{"embeddable":true,"href":"https:\/\/plazajuarez.mx\/historico\/wp-json\/wp\/v2\/users\/93"}],"replies":[{"embeddable":true,"href":"https:\/\/plazajuarez.mx\/historico\/wp-json\/wp\/v2\/comments?post=32586"}],"version-history":[{"count":0,"href":"https:\/\/plazajuarez.mx\/historico\/wp-json\/wp\/v2\/posts\/32586\/revisions"}],"wp:attachment":[{"href":"https:\/\/plazajuarez.mx\/historico\/wp-json\/wp\/v2\/media?parent=32586"}],"wp:term":[{"taxonomy":"category","embeddable":true,"href":"https:\/\/plazajuarez.mx\/historico\/wp-json\/wp\/v2\/categories?post=32586"},{"taxonomy":"post_tag","embeddable":true,"href":"https:\/\/plazajuarez.mx\/historico\/wp-json\/wp\/v2\/tags?post=32586"}],"curies":[{"name":"wp","href":"https:\/\/api.w.org\/{rel}","templated":true}]}}