{"id":32585,"date":"2016-11-29T13:19:33","date_gmt":"2016-11-29T13:19:33","guid":{"rendered":"http:\/\/plazajuarez.mx\/index\/index.php\/2016\/11\/29\/la-historia-en-el-olvido\/"},"modified":"2016-11-29T13:19:33","modified_gmt":"2016-11-29T13:19:33","slug":"la-historia-en-el-olvido","status":"publish","type":"post","link":"https:\/\/plazajuarez.mx\/historico\/la-historia-en-el-olvido\/","title":{"rendered":"La historia en el olvido"},"content":{"rendered":"<p>HOMO POLITICUS<\/p>\n<p>Para el olvido han quedado fechas como el \u201cd\u00eda de la raza\u201d o los festejos de la \u201cRevoluci\u00f3n mexicana\u201d<\/p>\n<p>  <!--more-->  <\/p>\n<p>La historia alecciona la vida de los pueblos, pero el padre cronos y la din\u00e1mica social en la construcci\u00f3n de la realidad, suelen mandar al olvido eventos que edificaron a la naci\u00f3n o al mundo.<br \/>\u00a0<br \/>Para el olvido han quedado fechas como el \u201cd\u00eda de la raza\u201d o los festejos de la \u201cRevoluci\u00f3n mexicana\u201d.<br \/>\u00a0<br \/>Recuerdo que de ni\u00f1o hablar de la conquista espa\u00f1ola al continente que despu\u00e9s fue llamado \u201cAm\u00e9rica\u201d, revest\u00eda la mayor importancia, lo mismo se hablaba de la haza\u00f1a de Crist\u00f3bal Col\u00f3n que de la barbarie espa\u00f1ola y del ostracismo y genocidio sobre el mundo ind\u00edgena, cuesti\u00f3n, que enardec\u00eda los \u00e1nimos y se generaban debates de altura que explicaban y rescataban del pasado los horizontes a los cuales nos enfrent\u00e1bamos en el presente, pero ello, ahora es menos que un pedo en un hurac\u00e1n.<br \/>\u00a0<br \/>En los hechos, \u00bfqui\u00e9n se acuerda de don Crist\u00f3bal?, creo que pocos y se toca a vuelo de p\u00e1jaro un evento que cambi\u00f3 el curso de la historia. <br \/>\u00a0<br \/>De igual manera, los festejos de la Revoluci\u00f3n mexicana cada vez son m\u00e1s tenues; quiz\u00e1 porque se agot\u00f3 su discurso y sus hechos; quiz\u00e1 porque no se cumplieron sus promesas y aquellos de que la revoluci\u00f3n nos har\u00eda \u201cjusticia\u201d, se qued\u00f3 en una de tantas ret\u00f3ricas que ya no calientan a nadie.<br \/>\u00a0<br \/>En los hechos, los ni\u00f1os no recrean personajes como Crist\u00f3bal Col\u00f3n o Pancho Villa como h\u00e9roes a emular; hablan de Capit\u00e1n Am\u00e9rica, Batman o Superman y, de un sinf\u00edn de h\u00e9roes de historieta y caricatura que son imitados y emulados, son los superhombres que derrotan cualquier calamidad y no murieron de s\u00edfilis como Crist\u00f3bal Col\u00f3n o pancho Villa que muri\u00f3 asesinado.<br \/>\u00a0<br \/>El trazo de todo esto es muy simple.<br \/>\u00a0<br \/>Mientras los h\u00e9roes nacionales se pierden en tiempo y espacio por sus virtudes y defectos, los h\u00e9roes de fantas\u00eda perviven, viven por siempre y lo tienen todo: juventud, fuerza, opulencia, todo, todo, todo.<br \/>\u00a0<br \/>La realidad es tan cruenta y la perspectiva de triunfo tan precario, que los h\u00e9roes nacionales y la historia se diluyen, mientras la fantas\u00eda sustituye a la realidad y se ha vuelto parte vital para evadirla y soportarla, aunque ello cree un mundo superfluo y sin futuro.<\/p>\n","protected":false},"excerpt":{"rendered":"<p>HOMO POLITICUS Para el olvido han quedado fechas como el \u201cd\u00eda de la raza\u201d o los festejos de la \u201cRevoluci\u00f3n mexicana\u201d<\/p>\n","protected":false},"author":93,"featured_media":0,"comment_status":"open","ping_status":"open","sticky":false,"template":"","format":"standard","meta":{"footnotes":""},"categories":[42],"tags":[],"class_list":["post-32585","post","type-post","status-publish","format-standard","hentry","category-nuestrapalabra"],"_links":{"self":[{"href":"https:\/\/plazajuarez.mx\/historico\/wp-json\/wp\/v2\/posts\/32585","targetHints":{"allow":["GET"]}}],"collection":[{"href":"https:\/\/plazajuarez.mx\/historico\/wp-json\/wp\/v2\/posts"}],"about":[{"href":"https:\/\/plazajuarez.mx\/historico\/wp-json\/wp\/v2\/types\/post"}],"author":[{"embeddable":true,"href":"https:\/\/plazajuarez.mx\/historico\/wp-json\/wp\/v2\/users\/93"}],"replies":[{"embeddable":true,"href":"https:\/\/plazajuarez.mx\/historico\/wp-json\/wp\/v2\/comments?post=32585"}],"version-history":[{"count":0,"href":"https:\/\/plazajuarez.mx\/historico\/wp-json\/wp\/v2\/posts\/32585\/revisions"}],"wp:attachment":[{"href":"https:\/\/plazajuarez.mx\/historico\/wp-json\/wp\/v2\/media?parent=32585"}],"wp:term":[{"taxonomy":"category","embeddable":true,"href":"https:\/\/plazajuarez.mx\/historico\/wp-json\/wp\/v2\/categories?post=32585"},{"taxonomy":"post_tag","embeddable":true,"href":"https:\/\/plazajuarez.mx\/historico\/wp-json\/wp\/v2\/tags?post=32585"}],"curies":[{"name":"wp","href":"https:\/\/api.w.org\/{rel}","templated":true}]}}