{"id":32584,"date":"2016-11-29T13:18:42","date_gmt":"2016-11-29T13:18:42","guid":{"rendered":"http:\/\/plazajuarez.mx\/index\/index.php\/2016\/11\/29\/los-dos-fideles\/"},"modified":"2016-11-29T13:18:42","modified_gmt":"2016-11-29T13:18:42","slug":"los-dos-fideles","status":"publish","type":"post","link":"https:\/\/plazajuarez.mx\/historico\/los-dos-fideles\/","title":{"rendered":"Los dos Fideles"},"content":{"rendered":"<p dir=\"ltr\" style=\"line-height: 1.295; margin-top: 0pt; margin-bottom: 8pt;\"><span style=\"font-size: 14.666666666666666px; font-family: Calibri; color: #000000; background-color: transparent; font-weight: 400; font-style: normal; font-variant: normal; text-decoration: none; vertical-align: baseline; white-space: pre-wrap;\">Especialista en comunicaci\u00f3n, gesti\u00f3n de gobierno, campa\u00f1as pol\u00edticas y opini\u00f3n p\u00fablica<\/span><\/p>\n<p>  <!--more-->  <\/p>\n<p dir=\"ltr\" style=\"line-height: 1.295; margin-top: 0pt; margin-bottom: 8pt;\"><span style=\"font-size: 14.666666666666666px; font-family: Calibri; color: #000000; background-color: transparent; font-weight: 400; font-style: normal; font-variant: normal; text-decoration: none; vertical-align: baseline; white-space: pre-wrap;\">A los 90 a\u00f1os, enfermo y dejando atr\u00e1s el gobierno unipersonal m\u00e1s largo que ha visto Am\u00e9rica Latina, Fidel Castro muri\u00f3 para dar entrada a una discusi\u00f3n en extremo polarizada sobre su legado. Para muchos, Castro se une al linaje de Trujillo, Pinochet, Somoza y Videla; para otros ha sido el estandarte de la dignidad y la soberan\u00eda latinoamericanas, defensor de los derechos sociales m\u00e1s b\u00e1sicos. Y es que pareciera que hay dos Fideles, el dictador implacable y el l\u00edder progresista; y en esa partici\u00f3n se da el debate de su legado en redes sociales. <\/span><\/p>\n<p dir=\"ltr\" style=\"line-height: 1.295; margin-top: 0pt; margin-bottom: 8pt;\"><span style=\"font-size: 14.666666666666666px; font-family: Calibri; color: #000000; background-color: transparent; font-weight: 400; font-style: normal; font-variant: normal; text-decoration: none; vertical-align: baseline; white-space: pre-wrap;\">Un personaje que admiro por su ejemplo y convicciones, es el hondure\u00f1o Luther Castillo Harry: m\u00e9dico miembro de la etnia afro-ind\u00edgena gar\u00edfuna, una de las comunidades m\u00e1s pobres del continente, a quien conoc\u00ed en Harvard. Estudi\u00f3 en la Escuela Latinoamericana de Medicina de La Habana gracias a las becas que el gobierno cubano ofrece a estudiantes de pa\u00edses en desarrollo. Coordin\u00f3 una Brigada Internacional de m\u00e9dicos en Hait\u00ed despu\u00e9s del terremoto y ha logrado montar una amplia red internacional para construir y mantener hospitales de atenci\u00f3n gratuita en su pa\u00eds. Tras la muerte de Fidel, public\u00f3 en Facebook: \u201cNos diste el honor y la oportunidad a los hijos de los descalzos de convertirnos en hombres y mujeres de ciencia y consciencia. Pero como me dijiste aquella tarde del 13 de agosto: \u2018La mejor manera de agradecer es luchar por la salud de los m\u00e1s necesitados\u2019\u201d. Uno de sus seguidores coment\u00f3: \u201cLo llamaban tirano, pero yo lo vi enviar m\u00e9dicos y educadores a naciones donde las \u2018Democracias\u2019 solo enviaban bombas #HastaSiempreFidel\u201d.<\/span><\/p>\n<p dir=\"ltr\" style=\"line-height: 1.295; margin-top: 0pt; margin-bottom: 8pt;\"><span style=\"font-size: 14.666666666666666px; font-family: Calibri; color: #000000; background-color: transparent; font-weight: 400; font-style: normal; font-variant: normal; text-decoration: none; vertical-align: baseline; white-space: pre-wrap;\">Como muchos, soy seguidora del trabajo de Yoani S\u00e1nchez, quien ha construido una destacada carrera como periodista, bloguera y activista cubana, muy activa y conocida en las redes sociales, encabezando la lucha a favor de los derechos humanos, la libertad de expresi\u00f3n, la diversidad sexual, el acceso a la tecnolog\u00eda y las redes sociales en Cuba. Su blog tiene millones de seguidores, su voz tiene influencia internacional y su trabajo le ha hecho acreedora a premios como el Ortega y Gasset de periodismo. Es sabida su posici\u00f3n como disidente del r\u00e9gimen y sus duras cr\u00edticas a lo que considera un gobierno autoritario, corrupto y abusivo. Sus tuits del fin de semana fueron le\u00eddos por sus muchos seguidores y l\u00edderes influyentes le dieron RT. Sus posiciones son compartidas por escritores e intelectuales liberales: Vargas Llosa escribi\u00f3 que \u201cA Fidel Castro no lo absolver\u00e1 la historia\u201d, y Enrique Krauze escribi\u00f3: \u201cLos tiranos, con pocas excepciones, mueren viejos, en su cama. Sus v\u00edctimas no\u201d. <\/span><\/p>\n<p dir=\"ltr\" style=\"line-height: 1.295; margin-top: 0pt; margin-bottom: 8pt;\"><span style=\"font-size: 14.666666666666666px; font-family: Calibri; color: #000000; background-color: transparent; font-weight: 400; font-style: normal; font-variant: normal; text-decoration: none; vertical-align: baseline; white-space: pre-wrap;\">\u00bfC\u00f3mo conciliar ambas posiciones? \u00bfC\u00f3mo hacer un balance equilibrado en un ambiente tan polarizado? \u00bfEst\u00e1 equivocado Luther por defender a quien le dio la oportunidad de estudiar y de ayudar a los \u201cdescalzos\u201d del continente? \u00bfEst\u00e1n mal quienes festejan la muerte de Fidel despu\u00e9s de haber sufrido en carne propia las violaciones a los derechos humanos? Los dos Fideles reflejan las dos formas en las que los latinoamericanos hemos tratado de buscar el bienestar de nuestros pa\u00edses: a trav\u00e9s de la inquietud impaciente del cambio radical, o bien en el cuidado y cultivo de los derechos b\u00e1sicos y el perfeccionamiento de los gobiernos por medio de la democracia. La miseria nos impacienta; la conciencia nos exige el respeto a los derechos fundamentales. Las causas de Luther y Yoani son ambas, justas y necesarias. Comparto el humanismo social en la vocaci\u00f3n y lucha de Luther, pero tambi\u00e9n la lucha de Yoani por ver realizados en Cuba los ideales de libertad, democracia, tolerancia y respeto a los derechos humanos. La verdad no est\u00e1 en la divisi\u00f3n y la condena rec\u00edproca, sino discutiendo en libertad y en democracia cu\u00e1les son las mejores soluciones a nuestros grandes problemas sociales.<\/span><\/p>\n<p><b id=\"docs-internal-guid-57372def-b03e-4aad-0f6c-2ee50d18b4be\" style=\"font-weight: normal;\"><span style=\"font-size: 14.666666666666666px; font-family: Calibri; color: #000000; background-color: transparent; font-weight: 400; font-style: normal; font-variant: normal; text-decoration: none; vertical-align: baseline; white-space: pre-wrap;\">A Bote Pronto. 2016 nos sigue sorprendiendo, \u00bfqu\u00e9 nos depara en diciembre?<\/span><\/b><\/p>\n","protected":false},"excerpt":{"rendered":"<p>Especialista en comunicaci\u00f3n, gesti\u00f3n de gobierno, campa\u00f1as pol\u00edticas y opini\u00f3n p\u00fablica<\/p>\n","protected":false},"author":93,"featured_media":0,"comment_status":"open","ping_status":"open","sticky":false,"template":"","format":"standard","meta":{"footnotes":""},"categories":[42],"tags":[],"class_list":["post-32584","post","type-post","status-publish","format-standard","hentry","category-nuestrapalabra"],"_links":{"self":[{"href":"https:\/\/plazajuarez.mx\/historico\/wp-json\/wp\/v2\/posts\/32584","targetHints":{"allow":["GET"]}}],"collection":[{"href":"https:\/\/plazajuarez.mx\/historico\/wp-json\/wp\/v2\/posts"}],"about":[{"href":"https:\/\/plazajuarez.mx\/historico\/wp-json\/wp\/v2\/types\/post"}],"author":[{"embeddable":true,"href":"https:\/\/plazajuarez.mx\/historico\/wp-json\/wp\/v2\/users\/93"}],"replies":[{"embeddable":true,"href":"https:\/\/plazajuarez.mx\/historico\/wp-json\/wp\/v2\/comments?post=32584"}],"version-history":[{"count":0,"href":"https:\/\/plazajuarez.mx\/historico\/wp-json\/wp\/v2\/posts\/32584\/revisions"}],"wp:attachment":[{"href":"https:\/\/plazajuarez.mx\/historico\/wp-json\/wp\/v2\/media?parent=32584"}],"wp:term":[{"taxonomy":"category","embeddable":true,"href":"https:\/\/plazajuarez.mx\/historico\/wp-json\/wp\/v2\/categories?post=32584"},{"taxonomy":"post_tag","embeddable":true,"href":"https:\/\/plazajuarez.mx\/historico\/wp-json\/wp\/v2\/tags?post=32584"}],"curies":[{"name":"wp","href":"https:\/\/api.w.org\/{rel}","templated":true}]}}