{"id":32582,"date":"2016-11-29T13:16:36","date_gmt":"2016-11-29T13:16:36","guid":{"rendered":"http:\/\/plazajuarez.mx\/index\/index.php\/2016\/11\/29\/fidel-castro-patria-y-muerte\/"},"modified":"2016-11-29T13:16:36","modified_gmt":"2016-11-29T13:16:36","slug":"fidel-castro-patria-y-muerte","status":"publish","type":"post","link":"https:\/\/plazajuarez.mx\/historico\/fidel-castro-patria-y-muerte\/","title":{"rendered":"Fidel Castro, Patria y muerte"},"content":{"rendered":"<p dir=\"ltr\" style=\"line-height: 1.295; margin-top: 0pt; margin-bottom: 8pt;\"><span style=\"font-size: 14.666666666666666px; font-family: Calibri; color: #000000; background-color: transparent; font-weight: 400; font-style: normal; font-variant: normal; text-decoration: none; vertical-align: baseline; white-space: pre-wrap;\">Submarino Pol\u00edtic<b>o<\/b><\/span><\/p>\n<p dir=\"ltr\" style=\"line-height: 1.295; margin-top: 0pt; margin-bottom: 8pt;\"><span style=\"font-size: 14.666666666666666px; font-family: Calibri; color: #000000; background-color: transparent; font-weight: 400; font-style: normal; font-variant: normal; text-decoration: none; vertical-align: baseline; white-space: pre-wrap;\">Lo correcto ser\u00eda mostrar respeto ante el duelo del r\u00e9gimen y dejar que sea el propio pueblo cubano quien tome la decisi\u00f3n de enterrar la Revoluci\u00f3n Cubana junto al extinto l\u00edder de 90 a\u00f1os o \u201cmantener vivo\u201d su legado<\/span><\/p>\n<p>  <!--more-->  <\/p>\n<p dir=\"ltr\" style=\"line-height: 1.295; margin-top: 0pt; margin-bottom: 8pt;\"><span style=\"font-size: 14.666666666666666px; font-family: Calibri; color: #000000; background-color: transparent; font-weight: 400; font-style: normal; font-variant: normal; text-decoration: none; vertical-align: baseline; white-space: pre-wrap;\">En las redes sociales, se dio un amargo debate al juzgar los errores de Fidel Castro, casi todos listados en el espacio editorial de ayer domingo del peri\u00f3dico The Washington Post, como el fusilamiento de la c\u00fapula del gobierno derrocado; la censura a los artistas de todas las disciplinas que no estuvieran alineados con los principios de la Revoluci\u00f3n Cubana; el pensamiento \u00fanico; la represi\u00f3n a grupos minoritarios plasmada de manera simb\u00f3lica en el caso del poeta Reinaldo Arenas. <\/span><\/p>\n<p dir=\"ltr\" style=\"line-height: 1.295; margin-top: 0pt; margin-bottom: 8pt;\"><span style=\"font-size: 14.666666666666666px; font-family: Calibri; color: #000000; background-color: transparent; font-weight: 400; font-style: normal; font-variant: normal; text-decoration: none; vertical-align: baseline; white-space: pre-wrap;\">Y por el otro lado, ard\u00eda el incienso digital con loas a las \u00e9picas proezas de Fidel al tomar el Palacio de la Moncada, la guerrilla en Sierra Maestra, el inicio de la epopeya del Caribe al zarpar de Veracruz rumbo a la isla en el legendario \u2018Granma\u2019. La conspiraci\u00f3n en La Tabacalera con \u2018El Che\u2019 Guevara en el n\u00famero 49 de la calle Emparan. El papel fundamental y estrat\u00e9gico que jug\u00f3 M\u00e9xico por su ubicaci\u00f3n en el mapa. <\/span><\/p>\n<p dir=\"ltr\" style=\"line-height: 1.295; margin-top: 0pt; margin-bottom: 8pt;\"><span style=\"font-size: 14.666666666666666px; font-family: Calibri; color: #000000; background-color: transparent; font-weight: 400; font-style: normal; font-variant: normal; text-decoration: none; vertical-align: baseline; white-space: pre-wrap;\">Toda esta alharaca es com\u00fan ante la dimensi\u00f3n del personaje que ya no est\u00e1 entre nosotros. El \u201cjuicio de la historia\u201d en el que Fidel confi\u00f3 su absoluci\u00f3n en los libros, no ser\u00e1 sencillo, son tantas las luces del l\u00edder mundial como sus sombras, que dif\u00edcilmente se dar\u00e1 en el corto plazo. Entre otras cosas, porque falta ver la posici\u00f3n del gobierno de Ra\u00fal Castro ante la llegada de Donald Trump y el consecuente papel de liderazgo de Putin en el inminente nuevo escenario en la geopol\u00edtica mundial. <\/span><\/p>\n<p dir=\"ltr\" style=\"line-height: 1.295; margin-top: 0pt; margin-bottom: 8pt;\"><span style=\"font-size: 14.666666666666666px; font-family: Calibri; color: #000000; background-color: transparent; font-weight: 400; font-style: normal; font-variant: normal; text-decoration: none; vertical-align: baseline; white-space: pre-wrap;\">Lo correcto ser\u00eda mostrar respeto ante el duelo del r\u00e9gimen y dejar que sea el propio pueblo cubano quien tome la decisi\u00f3n de enterrar la Revoluci\u00f3n Cubana junto al extinto l\u00edder de 90 a\u00f1os o \u201cmantener vivo\u201d su legado.<\/span><\/p>\n<p dir=\"ltr\" style=\"line-height: 1.295; margin-top: 0pt; margin-bottom: 8pt;\"><span style=\"font-size: 14.666666666666666px; font-family: Calibri; color: #000000; background-color: transparent; font-weight: 400; font-style: normal; font-variant: normal; text-decoration: none; vertical-align: baseline; white-space: pre-wrap;\">Periscopio. Como usted sabe, la frase: \u201cPatria o muerte\u201d, fue utilizada en vida por Fidel Castro Ruz (Bir\u00e1n, 1926 &#8211; La Habana, 2016) como colof\u00f3n de los m\u00e1s de 2,500 discursos pronunciados por el l\u00edder de la Revoluci\u00f3n Cubana, la m\u00e1s importante a nivel global durante el siglo XX. Quiz\u00e1 parezca una exageraci\u00f3n, pero la isla represent\u00f3 el dedo sovi\u00e9tico en el gatillo durante los a\u00f1os de la Guerra Fr\u00eda.<\/span><\/p>\n<p dir=\"ltr\" style=\"line-height: 1.295; margin-top: 0pt; margin-bottom: 8pt;\"><span style=\"font-size: 14.666666666666666px; font-family: Calibri; color: #000000; background-color: transparent; font-weight: 400; font-style: normal; font-variant: normal; text-decoration: none; vertical-align: baseline; white-space: pre-wrap;\">Bit\u00e1cora de lo absurdo. M\u00e1s all\u00e1 de realizar un juicio acerca del papel de Felipe Calder\u00f3n, como presidente de M\u00e9xico, su desempe\u00f1o como ex mandatario abre muchas interrogantes debido al nivel de sus respetables opiniones. Ah\u00ed le va el desafortunado obituario del aspirante a primer consorte de la naci\u00f3n plasmado de manera lamentable en un Tweet: \u201cCuando nac\u00ed, Fidel Castro ya era dictador en Cuba. Fui Presidente de M\u00e9xico y segu\u00eda si\u00e9ndolo. Ojal\u00e1 llegue pronto la libertad a los cubanos\u201d. Calder\u00f3n pone sus dotes en diplomacia a la altura de otros que nunca lograron darle una dimensi\u00f3n adecuada al papel de M\u00e9xico en la fr\u00e1gil relaci\u00f3n entre Washington, D.C. y La Habana, como en su momento Jorge G. Casta\u00f1eda, que acus\u00f3 a Fidel y los suyos de \u201cestar ardidos\u201d. El dislate del hoy aspirante sin partido a la presidencia puso en riesgo las relaciones diplom\u00e1ticas entre M\u00e9xico y Cuba con la consecuencia de una intromisi\u00f3n del gobierno castrista en asuntos de pol\u00edtica interna como la detenci\u00f3n de Carlos Ahumada y con el posterior respaldo del propio Castro a la teor\u00eda de la conspiraci\u00f3n respecto al complot de Salinas contra L\u00f3pez Obrador para imponer justamente a Felipe Calder\u00f3n en Los Pinos. Dicha empat\u00eda se expres\u00f3 en el texto \u201cEl gigante de las siete leguas\u201d, publicado en agosto de 2010 por Castro Ruz. El apoyo de Fidel a AMLO radic\u00f3 en la coincidencia entre lo escrito por el tabasque\u00f1o en el libro \u201cLa mafia que se adue\u00f1\u00f3 de M\u00e9xico&#8230; y el 2012\u201d y las declaraciones del propio Ahumada ante las autoridades cubanas antes de extraditarlo a nuestro pa\u00eds. El desafortunado tweet de Felipe Calder\u00f3n dinamita un puente de comunicaci\u00f3n entre Margarita Zavala y Ra\u00fal Castro. Eso lo podemos dar por sentado, principalmente por la falta de respeto al duelo. Si pudi\u00e9ramos tomar una hipot\u00e9tica respuesta de Castro a Felipe de Jes\u00fas, sin duda ser\u00eda la siguiente, incluida en el referido texto, \u2018El gigante de las siete leguas\u2019: \u201cL\u00f3pez Obrador ser\u00e1 la persona de m\u00e1s autoridad moral y pol\u00edtica de M\u00e9xico cuando el sistema se derrumbe&#8230;\u201d \u00bfSer\u00e1?<\/span><\/p>\n<p><b id=\"docs-internal-guid-bd5f5688-b03d-7399-1f3b-b2333eba3f38\" style=\"font-weight: normal;\"><span style=\"font-size: 14.666666666666666px; font-family: Calibri; color: #000000; background-color: transparent; font-weight: 400; font-style: normal; font-variant: normal; text-decoration: none; vertical-align: baseline; white-space: pre-wrap;\">SubmarinoPolitico.com<\/span><\/b><\/p>\n","protected":false},"excerpt":{"rendered":"<p>Submarino Pol\u00edtico Lo correcto ser\u00eda mostrar respeto ante el duelo del r\u00e9gimen y dejar que sea el propio pueblo cubano quien tome la decisi\u00f3n de enterrar la Revoluci\u00f3n Cubana junto al extinto l\u00edder de 90 a\u00f1os o \u201cmantener vivo\u201d su legado<\/p>\n","protected":false},"author":93,"featured_media":0,"comment_status":"open","ping_status":"open","sticky":false,"template":"","format":"standard","meta":{"footnotes":""},"categories":[42],"tags":[],"class_list":["post-32582","post","type-post","status-publish","format-standard","hentry","category-nuestrapalabra"],"_links":{"self":[{"href":"https:\/\/plazajuarez.mx\/historico\/wp-json\/wp\/v2\/posts\/32582","targetHints":{"allow":["GET"]}}],"collection":[{"href":"https:\/\/plazajuarez.mx\/historico\/wp-json\/wp\/v2\/posts"}],"about":[{"href":"https:\/\/plazajuarez.mx\/historico\/wp-json\/wp\/v2\/types\/post"}],"author":[{"embeddable":true,"href":"https:\/\/plazajuarez.mx\/historico\/wp-json\/wp\/v2\/users\/93"}],"replies":[{"embeddable":true,"href":"https:\/\/plazajuarez.mx\/historico\/wp-json\/wp\/v2\/comments?post=32582"}],"version-history":[{"count":0,"href":"https:\/\/plazajuarez.mx\/historico\/wp-json\/wp\/v2\/posts\/32582\/revisions"}],"wp:attachment":[{"href":"https:\/\/plazajuarez.mx\/historico\/wp-json\/wp\/v2\/media?parent=32582"}],"wp:term":[{"taxonomy":"category","embeddable":true,"href":"https:\/\/plazajuarez.mx\/historico\/wp-json\/wp\/v2\/categories?post=32582"},{"taxonomy":"post_tag","embeddable":true,"href":"https:\/\/plazajuarez.mx\/historico\/wp-json\/wp\/v2\/tags?post=32582"}],"curies":[{"name":"wp","href":"https:\/\/api.w.org\/{rel}","templated":true}]}}