{"id":32581,"date":"2016-11-29T13:15:29","date_gmt":"2016-11-29T13:15:29","guid":{"rendered":"http:\/\/plazajuarez.mx\/index\/index.php\/2016\/11\/29\/en-que-nos-equivocamos\/"},"modified":"2016-11-29T13:15:29","modified_gmt":"2016-11-29T13:15:29","slug":"en-que-nos-equivocamos","status":"publish","type":"post","link":"https:\/\/plazajuarez.mx\/historico\/en-que-nos-equivocamos\/","title":{"rendered":"\u00bfEn qu\u00e9 nos equivocamos?"},"content":{"rendered":"<p dir=\"ltr\" style=\"line-height: 1.295; margin-top: 0pt; margin-bottom: 8pt;\"><span style=\"font-size: 14.666666666666666px; font-family: Calibri; color: #000000; background-color: transparent; font-weight: 400; font-style: normal; font-variant: normal; text-decoration: none; vertical-align: baseline; white-space: pre-wrap;\">Basta al hostigamiento contra Carmen Aristegui<\/span><\/p>\n<p>  <!--more-->  <\/p>\n<p dir=\"ltr\" style=\"line-height: 1.295; margin-top: 0pt; margin-bottom: 8pt;\"><span style=\"font-size: 14.666666666666666px; font-family: Calibri; color: #000000; background-color: transparent; font-weight: 400; font-style: normal; font-variant: normal; text-decoration: none; vertical-align: baseline; white-space: pre-wrap;\">El pasado 23 de noviembre tuvimos la quinta sesi\u00f3n del seminario que organiza EL UNIVERSAL y varias instituciones acad\u00e9micas sobre el federalismo en M\u00e9xico. El tema fue sobre democracia, transparencia y rendici\u00f3n de cuentas. Vistos los resultados que tenemos hoy en d\u00eda como pa\u00eds que tuvo una transici\u00f3n fallida, nos podemos preguntar: \u00bfen qu\u00e9 nos equivocamos?<\/span><\/p>\n<p dir=\"ltr\" style=\"line-height: 1.295; margin-top: 0pt; margin-bottom: 8pt;\"><span style=\"font-size: 14.666666666666666px; font-family: Calibri; color: #000000; background-color: transparent; font-weight: 400; font-style: normal; font-variant: normal; text-decoration: none; vertical-align: baseline; white-space: pre-wrap;\">Se trata de ver qu\u00e9 tipo de democracia tenemos y cu\u00e1les son los gobiernos que produce. Del lado electoral existen graves problemas que circulan todos los d\u00edas por la vida cotidiana de la ciudadan\u00eda: insatisfacci\u00f3n con la democracia, desencanto con los resultados y un desprecio hacia los actores pol\u00edticos, partidos, congreso, sindicatos y autoridades. Del lado de la rendici\u00f3n de cuentas el resultado no es mejor, se ha conformado un patr\u00f3n en los gobiernos locales que resulta desastroso: gobernadores que dejan a sus estados en quiebra, muy endeudados y sumidos en la peste de una enorme corrupci\u00f3n.<\/span><\/p>\n<p dir=\"ltr\" style=\"line-height: 1.295; margin-top: 0pt; margin-bottom: 8pt;\"><span style=\"font-size: 14.666666666666666px; font-family: Calibri; color: #000000; background-color: transparent; font-weight: 400; font-style: normal; font-variant: normal; text-decoration: none; vertical-align: baseline; white-space: pre-wrap;\">El modelo electoral cada d\u00eda resulta m\u00e1s complicado, m\u00e1s costoso y menos satisfactorio. La \u00faltima reforma electoral fue parte del Pacto por M\u00e9xico y tuvo como uno de sus componentes b\u00e1sicos dar respuesta al problema de la falta de democracia de los gobiernos locales. El objetivo era terminar con el control de los gobernadores sobre los comicios. El resultado fue un h\u00edbrido \u2014nacional y local\u2014 que dificulta la operaci\u00f3n, algunos consideran que se han logrado mejores resultados t\u00e9cnicos, otros se\u00f1alan que resulta dif\u00edcil armonizar dos instituciones y dos l\u00f3gicas de operaci\u00f3n. Sin embargo, cuando las din\u00e1micas de la alternancia cobran fuerza, como fue el caso de las elecciones locales del pasado 5 de junio, en donde el hartazgo frente a la corrupci\u00f3n gener\u00f3 m\u00faltiples cambios de partido, los obst\u00e1culos legales resultan secundarios.<\/span><\/p>\n<p dir=\"ltr\" style=\"line-height: 1.295; margin-top: 0pt; margin-bottom: 8pt;\"><span style=\"font-size: 14.666666666666666px; font-family: Calibri; color: #000000; background-color: transparent; font-weight: 400; font-style: normal; font-variant: normal; text-decoration: none; vertical-align: baseline; white-space: pre-wrap;\">Ahora los gobiernos de alternancia, que prometieron cambios en contra de la corrupci\u00f3n, llegan a administrar la bancarrota y tienen graves problemas de seguridad y violencia, lo cual les va a dificultar de forma importante cumplir sus promesas de campa\u00f1a.<\/span><\/p>\n<p dir=\"ltr\" style=\"line-height: 1.295; margin-top: 0pt; margin-bottom: 8pt;\"><span style=\"font-size: 14.666666666666666px; font-family: Calibri; color: #000000; background-color: transparent; font-weight: 400; font-style: normal; font-variant: normal; text-decoration: none; vertical-align: baseline; white-space: pre-wrap;\">El modelo electoral vigente, resultado de tantas reformas, es como un rostro sometido tantas veces a cirug\u00eda que ya est\u00e1 deforme e irreconocible. Tanto dinero p\u00fablico, sumado al que se maneja por debajo de la mesa, hacen de las elecciones un negocio millonario que produce gobiernos comprometidos con intereses inconfesables. Tantos spots han pervertido el sentido de la comunicaci\u00f3n pol\u00edtica y han cancelado el espacio para el debate y la informaci\u00f3n.<\/span><\/p>\n<p dir=\"ltr\" style=\"line-height: 1.295; margin-top: 0pt; margin-bottom: 8pt;\"><span style=\"font-size: 14.666666666666666px; font-family: Calibri; color: #000000; background-color: transparent; font-weight: 400; font-style: normal; font-variant: normal; text-decoration: none; vertical-align: baseline; white-space: pre-wrap;\">La historia de la transparencia y la rendici\u00f3n de cuentas es bastante similar a la de la democracia electoral. Varias reformas, resistencias, capacidades institucionales debilitadas, obst\u00e1culos y trampas para que la oscuridad del poder permanezca.<\/span><\/p>\n<p dir=\"ltr\" style=\"line-height: 1.295; margin-top: 0pt; margin-bottom: 8pt;\"><span style=\"font-size: 14.666666666666666px; font-family: Calibri; color: #000000; background-color: transparent; font-weight: 400; font-style: normal; font-variant: normal; text-decoration: none; vertical-align: baseline; white-space: pre-wrap;\">Cuando juntamos el federalismo y la descentralizaci\u00f3n del presupuesto, con los resultados en materia de competencia electoral y rendici\u00f3n de cuentas, surge un problema que es urgente enfrentar: \u00bfde qu\u00e9 forma combatir la corrupci\u00f3n y el vaciamiento de la representaci\u00f3n democr\u00e1tica?<\/span><\/p>\n<p dir=\"ltr\" style=\"line-height: 1.295; margin-top: 0pt; margin-bottom: 8pt;\"><span style=\"font-size: 14.666666666666666px; font-family: Calibri; color: #000000; background-color: transparent; font-weight: 400; font-style: normal; font-variant: normal; text-decoration: none; vertical-align: baseline; white-space: pre-wrap;\">La discusi\u00f3n en el seminario gener\u00f3 diversas provocaciones, como la de si realmente existe el federalismo en M\u00e9xico o si el aparato de la transparencia ha servido para destapar grandes esc\u00e1ndalos de corrupci\u00f3n. Tambi\u00e9n hubo otro debate m\u00e1s especulativo sobre si el sistema de partido hegem\u00f3nico imped\u00eda los actuales niveles de corrupci\u00f3n de los gobernadores delincuentes, por el control pol\u00edtico vertical del presidencialismo o lo que ha cambiado es el incremento de la bolsa de corrupci\u00f3n.<\/span><\/p>\n<p dir=\"ltr\" style=\"line-height: 1.295; margin-top: 0pt; margin-bottom: 8pt;\"><span style=\"font-size: 14.666666666666666px; font-family: Calibri; color: #000000; background-color: transparent; font-weight: 400; font-style: normal; font-variant: normal; text-decoration: none; vertical-align: baseline; white-space: pre-wrap;\">Cuando se compara el viejo r\u00e9gimen con el actual resaltan algunos cambios, como la posibilidad de la alternancia, a pesar de que no ha conducido a mejores gobiernos, y, por otra parte, los numerosos instrumentos con los que hoy se cuentan para el acceso a la informaci\u00f3n p\u00fablica, que han multiplicado los grandes esc\u00e1ndalos de corrupci\u00f3n. \u00bfExiste una vinculaci\u00f3n necesaria entre las plataformas de transparencia y auditor\u00eda y las investigaciones period\u00edsticas que develan esc\u00e1ndalos de corrupci\u00f3n?<\/span><\/p>\n<p dir=\"ltr\" style=\"line-height: 1.295; margin-top: 0pt; margin-bottom: 8pt;\"><span style=\"font-size: 14.666666666666666px; font-family: Calibri; color: #000000; background-color: transparent; font-weight: 400; font-style: normal; font-variant: normal; text-decoration: none; vertical-align: baseline; white-space: pre-wrap;\">Habr\u00e1 que seguir el debate, pero ante los resultados tenemos hoy la pregunta: \u00bfen qu\u00e9 nos equivocamos? <\/span><\/p>\n<p><b id=\"docs-internal-guid-1506622d-b03d-0d98-5956-3c9071712872\" style=\"font-weight: normal;\"><span style=\"font-size: 14.666666666666666px; font-family: Calibri; color: #000000; background-color: transparent; font-weight: 400; font-style: normal; font-variant: normal; text-decoration: none; vertical-align: baseline; white-space: pre-wrap;\">@AzizNassif<\/span><\/b><\/p>\n","protected":false},"excerpt":{"rendered":"<p>Basta al hostigamiento contra Carmen Aristegui<\/p>\n","protected":false},"author":93,"featured_media":0,"comment_status":"open","ping_status":"open","sticky":false,"template":"","format":"standard","meta":{"footnotes":""},"categories":[42],"tags":[],"class_list":["post-32581","post","type-post","status-publish","format-standard","hentry","category-nuestrapalabra"],"_links":{"self":[{"href":"https:\/\/plazajuarez.mx\/historico\/wp-json\/wp\/v2\/posts\/32581","targetHints":{"allow":["GET"]}}],"collection":[{"href":"https:\/\/plazajuarez.mx\/historico\/wp-json\/wp\/v2\/posts"}],"about":[{"href":"https:\/\/plazajuarez.mx\/historico\/wp-json\/wp\/v2\/types\/post"}],"author":[{"embeddable":true,"href":"https:\/\/plazajuarez.mx\/historico\/wp-json\/wp\/v2\/users\/93"}],"replies":[{"embeddable":true,"href":"https:\/\/plazajuarez.mx\/historico\/wp-json\/wp\/v2\/comments?post=32581"}],"version-history":[{"count":0,"href":"https:\/\/plazajuarez.mx\/historico\/wp-json\/wp\/v2\/posts\/32581\/revisions"}],"wp:attachment":[{"href":"https:\/\/plazajuarez.mx\/historico\/wp-json\/wp\/v2\/media?parent=32581"}],"wp:term":[{"taxonomy":"category","embeddable":true,"href":"https:\/\/plazajuarez.mx\/historico\/wp-json\/wp\/v2\/categories?post=32581"},{"taxonomy":"post_tag","embeddable":true,"href":"https:\/\/plazajuarez.mx\/historico\/wp-json\/wp\/v2\/tags?post=32581"}],"curies":[{"name":"wp","href":"https:\/\/api.w.org\/{rel}","templated":true}]}}