{"id":32580,"date":"2016-11-29T13:14:51","date_gmt":"2016-11-29T13:14:51","guid":{"rendered":"http:\/\/plazajuarez.mx\/index\/index.php\/2016\/11\/29\/primero-la-base\/"},"modified":"2016-11-29T13:14:51","modified_gmt":"2016-11-29T13:14:51","slug":"primero-la-base","status":"publish","type":"post","link":"https:\/\/plazajuarez.mx\/historico\/primero-la-base\/","title":{"rendered":"Primero la base"},"content":{"rendered":"<p dir=\"ltr\" style=\"line-height: 1.295; margin-top: 0pt; margin-bottom: 8pt;\"><span style=\"font-size: 14.666666666666666px; font-family: Calibri; color: #000000; background-color: transparent; font-weight: 400; font-style: normal; font-variant: normal; text-decoration: none; vertical-align: baseline; white-space: pre-wrap;\">La nueva conformaci\u00f3n del Consejo Pol\u00edtico Nacional refleja una mayor presencia de representantes de la administraci\u00f3n federal<\/span><\/p>\n<p>  <!--more-->  <\/p>\n<p dir=\"ltr\" style=\"line-height: 1.295; margin-top: 0pt; margin-bottom: 8pt;\"><span style=\"font-size: 14.666666666666666px; font-family: Calibri; color: #000000; background-color: transparent; font-weight: 400; font-style: normal; font-variant: normal; text-decoration: none; vertical-align: baseline; white-space: pre-wrap;\">El PRI empez\u00f3 ayer la construcci\u00f3n de una plataforma pol\u00edtica que en los hechos ser\u00e1 el lanzamiento del programa nacional hacia el 2018. Con esto la dirigencia del partido, ratificando la expresi\u00f3n del presidente Enrique Pe\u00f1a Nieto, acude a don Jes\u00fas Reyes Heroles, un cl\u00e1sico del pri\u00edsmo (y de la pol\u00edtica nacional), para definir el proceso sucesorio: primero el programa, despu\u00e9s el nombre.<\/span><\/p>\n<p dir=\"ltr\" style=\"line-height: 1.295; margin-top: 0pt; margin-bottom: 8pt;\"><span style=\"font-size: 14.666666666666666px; font-family: Calibri; color: #000000; background-color: transparent; font-weight: 400; font-style: normal; font-variant: normal; text-decoration: none; vertical-align: baseline; white-space: pre-wrap;\">La nueva conformaci\u00f3n del Consejo Pol\u00edtico Nacional refleja una mayor presencia de representantes de la administraci\u00f3n federal, lo cual es bueno para que conozcan al partido y a su militancia para tener mayores elementos de criterio en las acciones que encabezan.<\/span><\/p>\n<p dir=\"ltr\" style=\"line-height: 1.295; margin-top: 0pt; margin-bottom: 8pt;\"><span style=\"font-size: 14.666666666666666px; font-family: Calibri; color: #000000; background-color: transparent; font-weight: 400; font-style: normal; font-variant: normal; text-decoration: none; vertical-align: baseline; white-space: pre-wrap;\">\u00bfEs la reci\u00e9n iniciada integraci\u00f3n de la plataforma partidista un freno a las aspiraciones personales de los cuadros pri\u00edstas? No lo veo as\u00ed. El partido debe, tiene que ordenar sus acciones en torno a la competencia electoral en los estados que renuevan gobierno en 2017, pero principalmente respecto a la sucesi\u00f3n presidencial de 2018.<\/span><\/p>\n<p dir=\"ltr\" style=\"line-height: 1.295; margin-top: 0pt; margin-bottom: 8pt;\"><span style=\"font-size: 14.666666666666666px; font-family: Calibri; color: #000000; background-color: transparent; font-weight: 400; font-style: normal; font-variant: normal; text-decoration: none; vertical-align: baseline; white-space: pre-wrap;\">Y mientras la dirigencia arma y coordina la conformaci\u00f3n de la agenda pol\u00edtica, quienes aspiramos tenemos la obligaci\u00f3n de llevar a esa agenda lo que nuestra base militante siente, piensa y dice en foros que no siempre est\u00e1n dentro del partido.<\/span><\/p>\n<p dir=\"ltr\" style=\"line-height: 1.295; margin-top: 0pt; margin-bottom: 8pt;\"><span style=\"font-size: 14.666666666666666px; font-family: Calibri; color: #000000; background-color: transparent; font-weight: 400; font-style: normal; font-variant: normal; text-decoration: none; vertical-align: baseline; white-space: pre-wrap;\">Hay en el PRI diversidad de opiniones, un gran abanico de posturas, perfiles y proyectos que esperan ser considerados en las acciones que las dirigencias municipales, estatales y nacional efect\u00faan. Todas esas posturas son relevantes porque pertenecen a gente que ha apoyado en las buenas, en las malas y en las p\u00e9simas.<\/span><\/p>\n<p dir=\"ltr\" style=\"line-height: 1.295; margin-top: 0pt; margin-bottom: 8pt;\"><span style=\"font-size: 14.666666666666666px; font-family: Calibri; color: #000000; background-color: transparent; font-weight: 400; font-style: normal; font-variant: normal; text-decoration: none; vertical-align: baseline; white-space: pre-wrap;\">Precisamente esa lealtad a la instituci\u00f3n pol\u00edtica es la que da a la militancia el derecho a opinar, participar y tambi\u00e9n a disentir. <\/span><\/p>\n<p dir=\"ltr\" style=\"line-height: 1.295; margin-top: 0pt; margin-bottom: 8pt;\"><span style=\"font-size: 14.666666666666666px; font-family: Calibri; color: #000000; background-color: transparent; font-weight: 400; font-style: normal; font-variant: normal; text-decoration: none; vertical-align: baseline; white-space: pre-wrap;\">Esto no es nuevo y tampoco una sorpresa: es la diversidad que da al PRI car\u00e1cter y sustancia. Como tampoco es extra\u00f1o para quienes militamos desde hace ayeres el que, aunque disciplinada, la base se mueva y reaccione ante todas las ideas y proyectos de muy variadas formas. El talento para convencer y unificar a la base ha sido siempre requisito para encabezar al partido desde la dirigencia y desde las candidaturas.<\/span><\/p>\n<p dir=\"ltr\" style=\"line-height: 1.295; margin-top: 0pt; margin-bottom: 8pt;\"><span style=\"font-size: 14.666666666666666px; font-family: Calibri; color: #000000; background-color: transparent; font-weight: 400; font-style: normal; font-variant: normal; text-decoration: none; vertical-align: baseline; white-space: pre-wrap;\">De lo expuesto en la sesi\u00f3n de ayer coincido y me quedo con el llamado del presidente Enrique Pe\u00f1a Nieto a salir de la comodidad de los escritorios y dar la batalla pol\u00edtica en la calle, de frente a la gente, porque es un argumento que he sostenido en los hechos a lo largo de mi carrera pol\u00edtica. <\/span><\/p>\n<p><b id=\"docs-internal-guid-c4bdbf0d-b03c-93b2-8ba9-1d911f9cbb4c\" style=\"font-weight: normal;\"><span style=\"font-size: 14.666666666666666px; font-family: Calibri; color: #000000; background-color: transparent; font-weight: 400; font-style: normal; font-variant: normal; text-decoration: none; vertical-align: baseline; white-space: pre-wrap;\">Agrego un elemento: escuchemos y atendamos primero a quienes dan vida al PRI, a nuestra militancia que hoy demanda, opina, cuestiona y alza la mano para participar en todos los procesos del partido. Actuemos de cara a esa base militante a la que debemos rendir cuentas y salgamos a hacer buena pol\u00edtica.<\/span><\/b><\/p>\n","protected":false},"excerpt":{"rendered":"<p>La nueva conformaci\u00f3n del Consejo Pol\u00edtico Nacional refleja una mayor presencia de representantes de la administraci\u00f3n federal<\/p>\n","protected":false},"author":93,"featured_media":0,"comment_status":"open","ping_status":"open","sticky":false,"template":"","format":"standard","meta":{"footnotes":""},"categories":[42],"tags":[],"class_list":["post-32580","post","type-post","status-publish","format-standard","hentry","category-nuestrapalabra"],"_links":{"self":[{"href":"https:\/\/plazajuarez.mx\/historico\/wp-json\/wp\/v2\/posts\/32580","targetHints":{"allow":["GET"]}}],"collection":[{"href":"https:\/\/plazajuarez.mx\/historico\/wp-json\/wp\/v2\/posts"}],"about":[{"href":"https:\/\/plazajuarez.mx\/historico\/wp-json\/wp\/v2\/types\/post"}],"author":[{"embeddable":true,"href":"https:\/\/plazajuarez.mx\/historico\/wp-json\/wp\/v2\/users\/93"}],"replies":[{"embeddable":true,"href":"https:\/\/plazajuarez.mx\/historico\/wp-json\/wp\/v2\/comments?post=32580"}],"version-history":[{"count":0,"href":"https:\/\/plazajuarez.mx\/historico\/wp-json\/wp\/v2\/posts\/32580\/revisions"}],"wp:attachment":[{"href":"https:\/\/plazajuarez.mx\/historico\/wp-json\/wp\/v2\/media?parent=32580"}],"wp:term":[{"taxonomy":"category","embeddable":true,"href":"https:\/\/plazajuarez.mx\/historico\/wp-json\/wp\/v2\/categories?post=32580"},{"taxonomy":"post_tag","embeddable":true,"href":"https:\/\/plazajuarez.mx\/historico\/wp-json\/wp\/v2\/tags?post=32580"}],"curies":[{"name":"wp","href":"https:\/\/api.w.org\/{rel}","templated":true}]}}