{"id":32576,"date":"2016-11-29T13:11:05","date_gmt":"2016-11-29T13:11:05","guid":{"rendered":"http:\/\/plazajuarez.mx\/index\/index.php\/2016\/11\/29\/aprueban-el-reglamento-de-parquimetros\/"},"modified":"2016-11-29T13:11:05","modified_gmt":"2016-11-29T13:11:05","slug":"aprueban-el-reglamento-de-parquimetros","status":"publish","type":"post","link":"https:\/\/plazajuarez.mx\/historico\/aprueban-el-reglamento-de-parquimetros\/","title":{"rendered":"Aprueban el reglamento de parqu\u00edmetros"},"content":{"rendered":"<p>Tepeji del R\u00edo<\/p>\n<p>Apabullante mayor\u00eda (17-1)\u2026 ha de estar muy bien<\/p>\n<p>  <!--more-->  <\/p>\n<p>Con 17 votos a favor y uno en contra en sesi\u00f3n extraordinaria fue aprobado el reglamento de Parqu\u00edmetros, mismo que se espera entre en operaci\u00f3n una vez que se publique en el Diario Oficial. <\/p>\n<p>Sobre el mismo tema de parqu\u00edmetros se mencion\u00f3 que en breve se firmar\u00e1 el contrato con la empresa Parkimovil a la que se le concesion\u00f3 la operaci\u00f3n bajo el esquema de medidores virtuales y que se tiene previsto reanuden su funcionamiento en los primeros d\u00edas de diciembre.<\/p>\n<p>Durante la misma sesi\u00f3n, celebrada el domingo 27 de noviembre, el alcalde, Mois\u00e9s Ram\u00edrez Tapia, en el tema del reglamento de parqu\u00edmetros, dijo que ahora se espera sea publicado en el Diario Oficial del estado para que sea vigente, por lo que se espera que el contrato con la empresa Parkimovil se firme esta misma semana.<\/p>\n<p>Se desconoce si el gobierno municipal lanzar\u00e1 una campa\u00f1a de informaci\u00f3n con usuarios y ciudadanos del municipio a fin de evitar que por desconocimiento del regreso del programa de parqu\u00edmetros se imponga multas por no pagar por el uso de los cajones regulados.<\/p>\n<p>En la misma sesi\u00f3n el alcalde Mois\u00e9s Ram\u00edrez Tapia solicit\u00f3 el an\u00e1lisis y en su caso aprobaci\u00f3n en mesa de trabajo de la segunda adecuaci\u00f3n presupuestal del ejercicio 2016, sin que diera a conocer los motivos de las modificaciones.<\/p>\n<p>Por \u00faltimo, el Jefe del Ejecutivo municipal present\u00f3 la propuesta del Presupuesto de Egresos para el ejercicio fiscal 2017 a fin de que sea analizada y discutida en mesas de trabajo y antes de que concluya el a\u00f1o se apruebe.<\/p>\n","protected":false},"excerpt":{"rendered":"<p>Tepeji del R\u00edo Apabullante mayor\u00eda (17-1)\u2026 ha de estar muy bien<\/p>\n","protected":false},"author":93,"featured_media":0,"comment_status":"open","ping_status":"open","sticky":false,"template":"","format":"standard","meta":{"footnotes":""},"categories":[40],"tags":[],"class_list":["post-32576","post","type-post","status-publish","format-standard","hentry","category-region"],"_links":{"self":[{"href":"https:\/\/plazajuarez.mx\/historico\/wp-json\/wp\/v2\/posts\/32576","targetHints":{"allow":["GET"]}}],"collection":[{"href":"https:\/\/plazajuarez.mx\/historico\/wp-json\/wp\/v2\/posts"}],"about":[{"href":"https:\/\/plazajuarez.mx\/historico\/wp-json\/wp\/v2\/types\/post"}],"author":[{"embeddable":true,"href":"https:\/\/plazajuarez.mx\/historico\/wp-json\/wp\/v2\/users\/93"}],"replies":[{"embeddable":true,"href":"https:\/\/plazajuarez.mx\/historico\/wp-json\/wp\/v2\/comments?post=32576"}],"version-history":[{"count":0,"href":"https:\/\/plazajuarez.mx\/historico\/wp-json\/wp\/v2\/posts\/32576\/revisions"}],"wp:attachment":[{"href":"https:\/\/plazajuarez.mx\/historico\/wp-json\/wp\/v2\/media?parent=32576"}],"wp:term":[{"taxonomy":"category","embeddable":true,"href":"https:\/\/plazajuarez.mx\/historico\/wp-json\/wp\/v2\/categories?post=32576"},{"taxonomy":"post_tag","embeddable":true,"href":"https:\/\/plazajuarez.mx\/historico\/wp-json\/wp\/v2\/tags?post=32576"}],"curies":[{"name":"wp","href":"https:\/\/api.w.org\/{rel}","templated":true}]}}