{"id":32575,"date":"2016-11-29T13:09:49","date_gmt":"2016-11-29T13:09:49","guid":{"rendered":"http:\/\/plazajuarez.mx\/index\/index.php\/2016\/11\/29\/primera-expo-agropecuaria\/"},"modified":"2016-11-29T13:09:49","modified_gmt":"2016-11-29T13:09:49","slug":"primera-expo-agropecuaria","status":"publish","type":"post","link":"https:\/\/plazajuarez.mx\/historico\/primera-expo-agropecuaria\/","title":{"rendered":"\u00a1Primera Expo Agropecuaria!"},"content":{"rendered":"<p>Tula de Allende<br \/>\u00a0<br \/>Participaron expositores, productores locales y regionales; Alcalde dijo que se busca un campo productivo, al ser compromiso de todos<\/p>\n<p>Se inform\u00f3 a los productores que el 8 de diciembre pr\u00f3ximo se publicar\u00e1n las reglas de operaci\u00f3n para los programas de Sagarpa; por lo que en los primeros d\u00edas de enero se espera abrir las ventanillas, por lo que se hizo el llamado a los interesados a aprovechar los programas gubernamentales.<\/p>\n<p>  <!--more-->  <\/p>\n<p>Durante el fin de semana se llev\u00f3 a cabo la primera Expo Agropecuaria con la que dijo el alcalde, Ismael Gadoth Tapia Ben\u00edtez, \u201cse busca un campo productivo, al ser el compromiso de todos\u201d. <br \/>Las actividades que fueron clausuradas por el secretario de\u00a0 Desarrollo Agropecuario de Hidalgo, Carlos Mu\u00f1iz Rodr\u00edguez, y a la que asistieron m\u00e1s de 800 personas se desarroll\u00f3 durante el s\u00e1bado 26 y domingo 27 de noviembre en el auditorio municipal, con la participaci\u00f3n de expositores, productores locales y regionales.<br \/>Durante el evento se precis\u00f3 que en Tula existen casos de productores de \u00e9xito con los cuales se pueden generar polos de desarrollo, no s\u00f3lo para el municipio, sino de manera regional, para dar un impacto importante a trav\u00e9s de la gesti\u00f3n de recursos, de la capacitaci\u00f3n para acceder a cr\u00e9ditos, a recursos federales, estatales, municipales, que se vean aplicados en el campo. <br \/>El Presidente municipal durante la inauguraci\u00f3n de la primera \u201cExpo Agropecuaria Tula 2016\u201d reconoci\u00f3 el esfuerzo de la Subdirecci\u00f3n de Desarrollo Agropecuario, por realizar actividades para atender las demandas de los productores.<br \/>Gadoth Tapia sostuvo que se debe tener una visi\u00f3n de desarrollo econ\u00f3mico a trav\u00e9s de la industria, comercio y turismo, pero tambi\u00e9n del agropecuario, sector al que por mucho tiempo se ha dejado olvidado. <br \/>Ante comisariados, delegados y productores del campo asistentes, dijo que en la actual administraci\u00f3n, se requiere ir de la mano con instancias acad\u00e9micas, como las universidades, ya que ellas ponen en pr\u00e1ctica lo que hoy hacen los estudiantes, ya que profesionalizan, tecnifican y ponen en marcha nuevas pr\u00e1cticas para hacer un campo m\u00e1s productivo\u201d.<br \/>Reiter\u00f3 su compromiso de atender al campo como uno de los sectores m\u00e1s importantes pero siempre de forma coordinada con cada una de las partes que hoy integran la sociedad, como organismos y asociaciones civiles, representaciones de cada uno de los grupos agrarios de la regi\u00f3n.<br \/>El alcalde agradeci\u00f3 a los conferencistas la capacitaci\u00f3n con la que se busca un campo m\u00e1s eficiente, m\u00e1s eficaz y formar ese punto de encuentro entre productores y proveedores de insumos, adem\u00e1s de difundir los productos locales.<br \/>Entre los temas abordados durante las conferencias estuvo la de \u201cmanejo y prevenci\u00f3n de plagas y enfermedades en el cultivo de ma\u00edz\u201d, \u201cCultivo de higo en traspatio como alternativa de ingresos\u201d; \u201cSuplementaci\u00f3n en Pastoreo\u201d; \u201cAlimentaci\u00f3n de bovinos para carne bajo confinamiento\u201d; \u201cXoconostle: Tradici\u00f3n y cultura\u201d, \u201cManejo de la dieta y engorda en el ganado ovino\u201d; \u201cCultivo de frijol en temporal y medio riego\u201d; \u201cLa visi\u00f3n de la organizaci\u00f3n campesina en el Siglo XXI\u201d; \u201cUso y conservaci\u00f3n de recursos nacionales en la \u00e9poca prehisp\u00e1nica: en el caso de los Toltecas\u201d y \u201cEstrategias reproductivas en el posparto en ovejas pelibuey\u201d, entre otras.<\/p>\n","protected":false},"excerpt":{"rendered":"<p>Tula de Allende\u00a0Participaron expositores, productores locales y regionales; Alcalde dijo que se busca un campo productivo, al ser compromiso de todos Se inform\u00f3 a los productores que el 8 de diciembre pr\u00f3ximo se publicar\u00e1n las reglas de operaci\u00f3n para los programas de Sagarpa; por lo que en los primeros d\u00edas de enero se espera abrir [&hellip;]<\/p>\n","protected":false},"author":93,"featured_media":0,"comment_status":"open","ping_status":"open","sticky":false,"template":"","format":"standard","meta":{"footnotes":""},"categories":[40],"tags":[],"class_list":["post-32575","post","type-post","status-publish","format-standard","hentry","category-region"],"_links":{"self":[{"href":"https:\/\/plazajuarez.mx\/historico\/wp-json\/wp\/v2\/posts\/32575","targetHints":{"allow":["GET"]}}],"collection":[{"href":"https:\/\/plazajuarez.mx\/historico\/wp-json\/wp\/v2\/posts"}],"about":[{"href":"https:\/\/plazajuarez.mx\/historico\/wp-json\/wp\/v2\/types\/post"}],"author":[{"embeddable":true,"href":"https:\/\/plazajuarez.mx\/historico\/wp-json\/wp\/v2\/users\/93"}],"replies":[{"embeddable":true,"href":"https:\/\/plazajuarez.mx\/historico\/wp-json\/wp\/v2\/comments?post=32575"}],"version-history":[{"count":0,"href":"https:\/\/plazajuarez.mx\/historico\/wp-json\/wp\/v2\/posts\/32575\/revisions"}],"wp:attachment":[{"href":"https:\/\/plazajuarez.mx\/historico\/wp-json\/wp\/v2\/media?parent=32575"}],"wp:term":[{"taxonomy":"category","embeddable":true,"href":"https:\/\/plazajuarez.mx\/historico\/wp-json\/wp\/v2\/categories?post=32575"},{"taxonomy":"post_tag","embeddable":true,"href":"https:\/\/plazajuarez.mx\/historico\/wp-json\/wp\/v2\/tags?post=32575"}],"curies":[{"name":"wp","href":"https:\/\/api.w.org\/{rel}","templated":true}]}}