{"id":32563,"date":"2016-11-29T12:21:29","date_gmt":"2016-11-29T12:21:29","guid":{"rendered":"http:\/\/plazajuarez.mx\/index\/index.php\/2016\/11\/29\/impactante-accidente-deja-lesionados\/"},"modified":"2016-11-29T12:21:29","modified_gmt":"2016-11-29T12:21:29","slug":"impactante-accidente-deja-lesionados","status":"publish","type":"post","link":"https:\/\/plazajuarez.mx\/historico\/impactante-accidente-deja-lesionados\/","title":{"rendered":"IMPACTANTE ACCIDENTE DEJA LESIONADOS"},"content":{"rendered":"<p dir=\"ltr\" style=\"line-height: 1.295; margin-top: 0pt; margin-bottom: 8pt;\"><span style=\"font-size: 14.666666666666666px; font-family: Calibri; color: #000000; background-color: transparent; font-weight: 400; font-style: normal; font-variant: normal; text-decoration: none; vertical-align: baseline; white-space: pre-wrap;\">TIZAYUCA <\/span><\/p>\n<p>  <!--more-->  <\/p>\n<p dir=\"ltr\" style=\"line-height: 1.2; margin-top: 5pt; margin-bottom: 5pt;\"><span style=\"font-size: 14.666666666666666px; font-family: Calibri; color: #2d2d2d; background-color: #ffffff; font-weight: 400; font-style: normal; font-variant: normal; text-decoration: none; vertical-align: baseline; white-space: pre-wrap;\">Da\u00f1os materiales y lesionados fue el saldo que dej\u00f3 un aparatoso accidente sobre la autopista M\u00e9xico-Pachuca, \u00a0a la altura de la entrada del Rancho Don Antonio en el municipio de Tizayuca. <\/span><\/p>\n<p dir=\"ltr\" style=\"line-height: 1.2; margin-top: 5pt; margin-bottom: 5pt;\"><span style=\"font-size: 14.666666666666666px; font-family: Calibri; color: #2d2d2d; background-color: #ffffff; font-weight: 400; font-style: normal; font-variant: normal; text-decoration: none; vertical-align: baseline; white-space: pre-wrap;\">El reporte indic\u00f3 que la camioneta marca Dodge Ram 500, con placas de circulaci\u00f3n KZ-82-225 del estado de M\u00e9xico, que era conducida por <\/span><span style=\"font-size: 14.666666666666666px; font-family: Calibri; color: #222222; background-color: transparent; font-weight: 400; font-style: normal; font-variant: normal; text-decoration: none; vertical-align: baseline; white-space: pre-wrap;\">Alberto \u201cN\u201d de 31 a\u00f1os,<\/span><span style=\"font-size: 14.666666666666666px; font-family: Calibri; color: #2d2d2d; background-color: #ffffff; font-weight: 400; font-style: normal; font-variant: normal; text-decoration: none; vertical-align: baseline; white-space: pre-wrap;\"> estaba cargado con loseta circulaba a gran velocidad sobre dicha autopista.<\/span><span style=\"font-size: 14.666666666666666px; font-family: Calibri; color: #2d2d2d; background-color: transparent; font-weight: 400; font-style: normal; font-variant: normal; text-decoration: none; vertical-align: baseline; white-space: pre-wrap;\"><br class=\"kix-line-break\" \/><\/span><span style=\"font-size: 14.666666666666666px; font-family: Calibri; color: #2d2d2d; background-color: #ffffff; font-weight: 400; font-style: normal; font-variant: normal; text-decoration: none; vertical-align: baseline; white-space: pre-wrap;\">Desafortunadamente al llegar a la entrada de Casas Quma colision\u00f3 con una camioneta Caravan, color verde cuyo <\/span><span style=\"font-size: 14.666666666666666px; font-family: Calibri; color: #222222; background-color: transparent; font-weight: 400; font-style: normal; font-variant: normal; text-decoration: none; vertical-align: baseline; white-space: pre-wrap;\">conductor era Alfredo \u201cN\u201d de 44 a\u00f1os<\/span><span style=\"font-size: 14.666666666666666px; font-family: Calibri; color: #2d2d2d; background-color: #ffffff; font-weight: 400; font-style: normal; font-variant: normal; text-decoration: none; vertical-align: baseline; white-space: pre-wrap;\">, con placas MOB-54-43 del Estado de M\u00e9xico en la cual viajaban dos adultos y dos menores de edad.<\/span><span style=\"font-size: 14.666666666666666px; font-family: Calibri; color: #2d2d2d; background-color: transparent; font-weight: 400; font-style: normal; font-variant: normal; text-decoration: none; vertical-align: baseline; white-space: pre-wrap;\"><br class=\"kix-line-break\" \/><\/span><span style=\"font-size: 14.666666666666666px; font-family: Calibri; color: #2d2d2d; background-color: #ffffff; font-weight: 400; font-style: normal; font-variant: normal; text-decoration: none; vertical-align: baseline; white-space: pre-wrap;\">Tras el impacto la camioneta comenz\u00f3 a dar vueltas, mientras la Dodge color naranja contin\u00fao su marcha para luego impactarse contra la parte trasera de un cami\u00f3n de l<\/span><span style=\"font-size: 14.666666666666666px; font-family: Calibri; color: #222222; background-color: transparent; font-weight: 400; font-style: normal; font-variant: normal; text-decoration: none; vertical-align: baseline; white-space: pre-wrap;\">a Comisi\u00f3n de Agua y Alcantarillado del municipio de Tizayuca.<\/span><\/p>\n<p dir=\"ltr\" style=\"line-height: 1.2; margin-top: 5pt; margin-bottom: 5pt;\"><span style=\"font-size: 14.666666666666666px; font-family: Calibri; color: #2d2d2d; background-color: #ffffff; font-weight: 400; font-style: normal; font-variant: normal; text-decoration: none; vertical-align: baseline; white-space: pre-wrap;\">Testigos de este accidente de inmediato dieron aviso a los servicios de emergencia y por lo que minutos despu\u00e9s arribaron param\u00e9dicos de Protecci\u00f3n Civil y Bomberos del municipio quienes rescataron al chofer lesionado, el cual se encontraba prensado entre los fierros de su unidad.<\/span><span style=\"font-size: 14.666666666666666px; font-family: Calibri; color: #2d2d2d; background-color: transparent; font-weight: 400; font-style: normal; font-variant: normal; text-decoration: none; vertical-align: baseline; white-space: pre-wrap;\"><br class=\"kix-line-break\" \/><\/span><span style=\"font-size: 14.666666666666666px; font-family: Calibri; color: #2d2d2d; background-color: #ffffff; font-weight: 400; font-style: normal; font-variant: normal; text-decoration: none; vertical-align: baseline; white-space: pre-wrap;\">As\u00ed mismo auxiliaron a los cuatro integrantes de la familia, los cuales fueron llevados al hospital m\u00e1s cercano para su valoraci\u00f3n.<\/span><span style=\"font-size: 14.666666666666666px; font-family: Calibri; color: #2d2d2d; background-color: transparent; font-weight: 400; font-style: normal; font-variant: normal; text-decoration: none; vertical-align: baseline; white-space: pre-wrap;\"><br class=\"kix-line-break\" \/><\/span><span style=\"font-size: 14.666666666666666px; font-family: Calibri; color: #2d2d2d; background-color: #ffffff; font-weight: 400; font-style: normal; font-variant: normal; text-decoration: none; vertical-align: baseline; white-space: pre-wrap;\">Oficiales de la Polic\u00eda Municipal acudieron al lugar para realizar las maniobras necesarias y evitar con ello accidentes debido a que el material que se transportaba qued\u00f3 tirado sobre la cinta asf\u00e1ltica. <\/span><\/p>\n<p><b id=\"docs-internal-guid-d362b156-b02f-0845-f644-bd8a73f3c17d\" style=\"font-weight: normal;\"><span style=\"font-size: 14.666666666666666px; font-family: Calibri; color: #2d2d2d; background-color: #ffffff; font-weight: 400; font-style: normal; font-variant: normal; text-decoration: none; vertical-align: baseline; white-space: pre-wrap;\">Cabe hacer menci\u00f3n que las unidades involucradas fueron remitidas a un corral\u00f3n municipal mientras se deslindan responsabilidades.<\/span><\/b><\/p>\n","protected":false},"excerpt":{"rendered":"<p>TIZAYUCA<\/p>\n","protected":false},"author":93,"featured_media":0,"comment_status":"open","ping_status":"open","sticky":false,"template":"","format":"standard","meta":{"footnotes":""},"categories":[37],"tags":[],"class_list":["post-32563","post","type-post","status-publish","format-standard","hentry","category-barandilla"],"_links":{"self":[{"href":"https:\/\/plazajuarez.mx\/historico\/wp-json\/wp\/v2\/posts\/32563","targetHints":{"allow":["GET"]}}],"collection":[{"href":"https:\/\/plazajuarez.mx\/historico\/wp-json\/wp\/v2\/posts"}],"about":[{"href":"https:\/\/plazajuarez.mx\/historico\/wp-json\/wp\/v2\/types\/post"}],"author":[{"embeddable":true,"href":"https:\/\/plazajuarez.mx\/historico\/wp-json\/wp\/v2\/users\/93"}],"replies":[{"embeddable":true,"href":"https:\/\/plazajuarez.mx\/historico\/wp-json\/wp\/v2\/comments?post=32563"}],"version-history":[{"count":0,"href":"https:\/\/plazajuarez.mx\/historico\/wp-json\/wp\/v2\/posts\/32563\/revisions"}],"wp:attachment":[{"href":"https:\/\/plazajuarez.mx\/historico\/wp-json\/wp\/v2\/media?parent=32563"}],"wp:term":[{"taxonomy":"category","embeddable":true,"href":"https:\/\/plazajuarez.mx\/historico\/wp-json\/wp\/v2\/categories?post=32563"},{"taxonomy":"post_tag","embeddable":true,"href":"https:\/\/plazajuarez.mx\/historico\/wp-json\/wp\/v2\/tags?post=32563"}],"curies":[{"name":"wp","href":"https:\/\/api.w.org\/{rel}","templated":true}]}}