{"id":32562,"date":"2016-11-29T12:21:32","date_gmt":"2016-11-29T12:21:32","guid":{"rendered":"http:\/\/plazajuarez.mx\/index\/index.php\/2016\/11\/29\/silvia-morales-hernandez-se-encuentra-desaparecida-desde-el-pasado-23-de-noviembre-del-presente-ano\/"},"modified":"2016-11-29T12:21:32","modified_gmt":"2016-11-29T12:21:32","slug":"silvia-morales-hernandez-se-encuentra-desaparecida-desde-el-pasado-23-de-noviembre-del-presente-ano","status":"publish","type":"post","link":"https:\/\/plazajuarez.mx\/historico\/silvia-morales-hernandez-se-encuentra-desaparecida-desde-el-pasado-23-de-noviembre-del-presente-ano\/","title":{"rendered":"Silvia Morales Hern\u00e1ndez se encuentra desaparecida desde el pasado 23 de noviembre del presente a\u00f1o."},"content":{"rendered":"<p>DESAPARECE LUEGO DE SALIR DE SU DOMICILIO <\/p>\n<p>  <!--more-->  <\/p>\n<p>Los reportes se\u00f1alan que sali\u00f3 de su domicilio en Haciendas de Tizayuca Privada de Texcoco, y hasta la fecha se desconoce su paradero.<br \/>Al momento de su desaparici\u00f3n vest\u00eda suerte color caf\u00e9 obscuro, falda negra y zapatos de enfermera, tiene 60 a\u00f1os de edad; como se\u00f1as particulares tiene un lunar en el entrecejo, utiliza dos bastones pues se encuentra enferma de la cadera y camina con dificultad. <br \/>Si la haz visto favor de comunicarte con las autoridades, tu denuncia ser\u00e1 an\u00f3nima y se agradecer\u00e1.<\/p>\n","protected":false},"excerpt":{"rendered":"<p>DESAPARECE LUEGO DE SALIR DE SU DOMICILIO<\/p>\n","protected":false},"author":93,"featured_media":0,"comment_status":"open","ping_status":"open","sticky":false,"template":"","format":"standard","meta":{"footnotes":""},"categories":[37],"tags":[],"class_list":["post-32562","post","type-post","status-publish","format-standard","hentry","category-barandilla"],"_links":{"self":[{"href":"https:\/\/plazajuarez.mx\/historico\/wp-json\/wp\/v2\/posts\/32562","targetHints":{"allow":["GET"]}}],"collection":[{"href":"https:\/\/plazajuarez.mx\/historico\/wp-json\/wp\/v2\/posts"}],"about":[{"href":"https:\/\/plazajuarez.mx\/historico\/wp-json\/wp\/v2\/types\/post"}],"author":[{"embeddable":true,"href":"https:\/\/plazajuarez.mx\/historico\/wp-json\/wp\/v2\/users\/93"}],"replies":[{"embeddable":true,"href":"https:\/\/plazajuarez.mx\/historico\/wp-json\/wp\/v2\/comments?post=32562"}],"version-history":[{"count":0,"href":"https:\/\/plazajuarez.mx\/historico\/wp-json\/wp\/v2\/posts\/32562\/revisions"}],"wp:attachment":[{"href":"https:\/\/plazajuarez.mx\/historico\/wp-json\/wp\/v2\/media?parent=32562"}],"wp:term":[{"taxonomy":"category","embeddable":true,"href":"https:\/\/plazajuarez.mx\/historico\/wp-json\/wp\/v2\/categories?post=32562"},{"taxonomy":"post_tag","embeddable":true,"href":"https:\/\/plazajuarez.mx\/historico\/wp-json\/wp\/v2\/tags?post=32562"}],"curies":[{"name":"wp","href":"https:\/\/api.w.org\/{rel}","templated":true}]}}