{"id":32560,"date":"2016-11-29T12:19:46","date_gmt":"2016-11-29T12:19:46","guid":{"rendered":"http:\/\/plazajuarez.mx\/index\/index.php\/2016\/11\/29\/fuero-no-impide-capturar-a-duarte-sales\/"},"modified":"2016-11-29T12:19:46","modified_gmt":"2016-11-29T12:19:46","slug":"fuero-no-impide-capturar-a-duarte-sales","status":"publish","type":"post","link":"https:\/\/plazajuarez.mx\/historico\/fuero-no-impide-capturar-a-duarte-sales\/","title":{"rendered":"Fuero no impide capturar a Duarte: Sales"},"content":{"rendered":"<p>\u00bfEntonces\u2026?<\/p>\n<p>  <!--more-->  <\/p>\n<p>El Comisionado nacional de seguridad acudi\u00f3 a la XIV Asamblea Plenaria de la Conferencia Nacional del Sistema Penitenciario<br \/>Sostuvo que no es impedimento el fuero para capturar al gobernador con licencia de Veracruz, Javier Duarte, ya que la justicia federal confirm\u00f3 que puede ser capturado. Renato Sales dijo que a Duarte se le busca a nivel nacional e internacional. Evit\u00f3 se\u00f1alar fecha tentativa para su aprehensi\u00f3n.<br \/>Por otro lado, en su intervenci\u00f3n destac\u00f3 la necesidad de fortalecer el Sistema Nacional Penitenciario, ya que \u00e9ste es parte fundamental para potencializar la reinserci\u00f3n social.<br \/>En este sentido, dijo, la reinserci\u00f3n social de las personas que est\u00e1n en prisi\u00f3n es tan importante como la misma procuraci\u00f3n e impartici\u00f3n de justicia, de ah\u00ed la necesidad de que el gobierno federal y las entidades federativas coordinen esfuerzos para avanzar en la organizaci\u00f3n y mejoramiento de las prisiones del pa\u00eds.<br \/>Dijo que se deben homologar los protocolos en el funcionamiento de los penales, impulsar el personal de carrera, as\u00ed como m\u00e9todos de evaluaci\u00f3n para distribuir y eficientar tambi\u00e9n los recursos.<br \/>Destac\u00f3 tambi\u00e9n que por muy grave que sean los delitos que comete una persona debe ser respetada su dignidad como valor fundamental de los derechos humanos.<\/p>\n","protected":false},"excerpt":{"rendered":"<p>\u00bfEntonces\u2026?<\/p>\n","protected":false},"author":93,"featured_media":0,"comment_status":"open","ping_status":"open","sticky":false,"template":"","format":"standard","meta":{"footnotes":""},"categories":[36],"tags":[],"class_list":["post-32560","post","type-post","status-publish","format-standard","hentry","category-nacion"],"_links":{"self":[{"href":"https:\/\/plazajuarez.mx\/historico\/wp-json\/wp\/v2\/posts\/32560","targetHints":{"allow":["GET"]}}],"collection":[{"href":"https:\/\/plazajuarez.mx\/historico\/wp-json\/wp\/v2\/posts"}],"about":[{"href":"https:\/\/plazajuarez.mx\/historico\/wp-json\/wp\/v2\/types\/post"}],"author":[{"embeddable":true,"href":"https:\/\/plazajuarez.mx\/historico\/wp-json\/wp\/v2\/users\/93"}],"replies":[{"embeddable":true,"href":"https:\/\/plazajuarez.mx\/historico\/wp-json\/wp\/v2\/comments?post=32560"}],"version-history":[{"count":0,"href":"https:\/\/plazajuarez.mx\/historico\/wp-json\/wp\/v2\/posts\/32560\/revisions"}],"wp:attachment":[{"href":"https:\/\/plazajuarez.mx\/historico\/wp-json\/wp\/v2\/media?parent=32560"}],"wp:term":[{"taxonomy":"category","embeddable":true,"href":"https:\/\/plazajuarez.mx\/historico\/wp-json\/wp\/v2\/categories?post=32560"},{"taxonomy":"post_tag","embeddable":true,"href":"https:\/\/plazajuarez.mx\/historico\/wp-json\/wp\/v2\/tags?post=32560"}],"curies":[{"name":"wp","href":"https:\/\/api.w.org\/{rel}","templated":true}]}}