{"id":32557,"date":"2016-11-29T12:18:39","date_gmt":"2016-11-29T12:18:39","guid":{"rendered":"http:\/\/plazajuarez.mx\/index\/index.php\/2016\/11\/29\/amlo-pide-en-michoacan-liberacion-de-mireles\/"},"modified":"2016-11-29T12:18:39","modified_gmt":"2016-11-29T12:18:39","slug":"amlo-pide-en-michoacan-liberacion-de-mireles","status":"publish","type":"post","link":"https:\/\/plazajuarez.mx\/historico\/amlo-pide-en-michoacan-liberacion-de-mireles\/","title":{"rendered":"AMLO pide en Michoac\u00e1n liberaci\u00f3n de Mireles"},"content":{"rendered":"<p>En acto masivo, Andr\u00e9s Manuel refrend\u00f3 su respeto al matrimonio igualitario, luego de que personas homosexuales arribaran al templete para manifestar su desacuerdo con la discriminaci\u00f3n a este grupo igualitario.<\/p>\n<p>  <!--more-->  <\/p>\n<p>AMLO conden\u00f3 las llamadas reformas estructurales aprobadas por el PRI, PAN y PRD aunque reconoci\u00f3 que hubo honrosas excepciones -del PRD- que no las avalaron.<\/p>\n<p>Puru\u00e1ndiro, Mich.- El ex candidato presidencial Andr\u00e9s Manuel L\u00f3pez Obrador, hizo un llamado al presidente de la Rep\u00fablica Enrique Pe\u00f1a Nieto para que libere al ex vocero de las autodefensas en Michoac\u00e1n, Jos\u00e9 Manuel Mireles Valverde, al que calific\u00f3 de preso pol\u00edtico.<br \/>En el marco de su gira por tierras michoacanas, el l\u00edder de Morena sostuvo que no tiene la menor duda de que Mireles es un preso pol\u00edtico que debe ser liberado. \u201cDesde Puru\u00e1ndiro le vuelvo a solicitar, no quiero utilizar la palabra exigir, le vuelvo a pedir a Enrique Pe\u00f1a Nieto que libere al doctor Mireles; es una gran violaci\u00f3n a los derechos humanos tenerlo en la c\u00e1rcel\u201d, dijo.<br \/>Acompa\u00f1ado del diputado federal del PRD, Fidel Calder\u00f3n Torreblanca, as\u00ed como del Coordinador de los diputados locales del sol azteca, Juan Pablo Puebla, el pol\u00edtico tabasque\u00f1o asegur\u00f3 que la mejor democracia est\u00e1 en manos de la ciudadan\u00eda.<br \/>Luego de asegurar mejores condiciones econ\u00f3micas de ganar en 2018, L\u00f3pez Obrador, reiter\u00f3 en este municipio de enorme migraci\u00f3n a los Estados Unidos, -ante el triunfo de Donald Trump- que ning\u00fan gobierno extranjero va a someter a los mexicanos.<\/p>\n","protected":false},"excerpt":{"rendered":"<p>En acto masivo, Andr\u00e9s Manuel refrend\u00f3 su respeto al matrimonio igualitario, luego de que personas homosexuales arribaran al templete para manifestar su desacuerdo con la discriminaci\u00f3n a este grupo igualitario.<\/p>\n","protected":false},"author":93,"featured_media":0,"comment_status":"open","ping_status":"open","sticky":false,"template":"","format":"standard","meta":{"footnotes":""},"categories":[36],"tags":[],"class_list":["post-32557","post","type-post","status-publish","format-standard","hentry","category-nacion"],"_links":{"self":[{"href":"https:\/\/plazajuarez.mx\/historico\/wp-json\/wp\/v2\/posts\/32557","targetHints":{"allow":["GET"]}}],"collection":[{"href":"https:\/\/plazajuarez.mx\/historico\/wp-json\/wp\/v2\/posts"}],"about":[{"href":"https:\/\/plazajuarez.mx\/historico\/wp-json\/wp\/v2\/types\/post"}],"author":[{"embeddable":true,"href":"https:\/\/plazajuarez.mx\/historico\/wp-json\/wp\/v2\/users\/93"}],"replies":[{"embeddable":true,"href":"https:\/\/plazajuarez.mx\/historico\/wp-json\/wp\/v2\/comments?post=32557"}],"version-history":[{"count":0,"href":"https:\/\/plazajuarez.mx\/historico\/wp-json\/wp\/v2\/posts\/32557\/revisions"}],"wp:attachment":[{"href":"https:\/\/plazajuarez.mx\/historico\/wp-json\/wp\/v2\/media?parent=32557"}],"wp:term":[{"taxonomy":"category","embeddable":true,"href":"https:\/\/plazajuarez.mx\/historico\/wp-json\/wp\/v2\/categories?post=32557"},{"taxonomy":"post_tag","embeddable":true,"href":"https:\/\/plazajuarez.mx\/historico\/wp-json\/wp\/v2\/tags?post=32557"}],"curies":[{"name":"wp","href":"https:\/\/api.w.org\/{rel}","templated":true}]}}