{"id":32556,"date":"2016-11-29T12:17:17","date_gmt":"2016-11-29T12:17:17","guid":{"rendered":"http:\/\/plazajuarez.mx\/index\/index.php\/2016\/11\/29\/ordenan-publicar-expediente-de-gutierrez-barrios\/"},"modified":"2016-11-29T12:17:17","modified_gmt":"2016-11-29T12:17:17","slug":"ordenan-publicar-expediente-de-gutierrez-barrios","status":"publish","type":"post","link":"https:\/\/plazajuarez.mx\/historico\/ordenan-publicar-expediente-de-gutierrez-barrios\/","title":{"rendered":"Ordenan publicar expediente de Guti\u00e9rrez Barrios"},"content":{"rendered":"<p>\u00cdcono de la inteligencia en M\u00e9xico en el siglo XX<\/p>\n<p>  <!--more-->  <\/p>\n<p>Si alguien sab\u00eda vida y milagros de los pol\u00edticos mexicanos era Don Fernando Guti\u00e9rrez Barrios <br \/>El Instituto Nacional de Transparencia, Acceso a la Informaci\u00f3n y Protecci\u00f3n de Datos (Inai) determin\u00f3 por unanimidad que la Secretar\u00eda de la Defensa Nacional (Sedena) debe entregar una versi\u00f3n p\u00fablica del expediente militar del entonces capit\u00e1n, Fernando Guti\u00e9rrez Barrios.<br \/>En la versi\u00f3n p\u00fablica que deber\u00e1 poner a disposici\u00f3n del solicitante, la Sedena \u00fanicamente podr\u00e1 reservar la ubicaci\u00f3n de instalaciones militares, los nombres y firma de personal militar, as\u00ed como testar datos personales del militar de referencia, el nombre y firma de terceros no militares.<br \/>Lo anterior fue aprobado por el Pleno del INAI, luego de que un particular se inconformara porque la Sedena le neg\u00f3 la versi\u00f3n p\u00fablica del expediente personal del ya fallecido Guti\u00e9rrez Barrios, quien fuera jefe de Control e Informaci\u00f3n de la extinta Direcci\u00f3n Federal de Seguridad de Gobernaci\u00f3n.<br \/>En alegatos, la Sedena argument\u00f3 que la solicitud fue atendida \u201cadecuadamente\u201d, al haberle indicado al particular que el expediente requerido contiene informaci\u00f3n de car\u00e1cter reservado y confidencial, clasificaci\u00f3n que fue confirmada por su Comit\u00e9 de Transparencia.<br \/>La dependencia se\u00f1al\u00f3 que tener acceso al expediente de un militar extinto no es viable, toda vez que el contenido de dicho documento hace referencia a diversas actividades militares que el fallecido llev\u00f3 a cabo durante su carrera militar, adem\u00e1s de figurar sus datos personales y de su c\u00edrculo familiar.<br \/>La Sedena tambi\u00e9n aleg\u00f3 la inexistencia de una conexi\u00f3n patente entre la informaci\u00f3n solicitada y un tema de inter\u00e9s p\u00fablico.<br \/>El recurrente manifest\u00f3 que en una solicitud \u2013de la que proporcion\u00f3 copia- se le dio acceso al expediente de un militar fallecido, por lo que el argumento de la dependencia es infundado.<br \/>Tras efectuar el an\u00e1lisis respectivo, se concluy\u00f3 que los documentos que integran el expediente solicitado son susceptibles de entregar en versi\u00f3n p\u00fablica y que s\u00f3lo se podr\u00e1 clasificar aquella informaci\u00f3n relativa a datos personales del militar del inter\u00e9s del particular, relativos a su esfera \u00edntima, as\u00ed como nombres, firmas y datos de terceros que no son militares.<\/p>\n","protected":false},"excerpt":{"rendered":"<p>\u00cdcono de la inteligencia en M\u00e9xico en el siglo XX<\/p>\n","protected":false},"author":93,"featured_media":0,"comment_status":"open","ping_status":"open","sticky":false,"template":"","format":"standard","meta":{"footnotes":""},"categories":[36],"tags":[],"class_list":["post-32556","post","type-post","status-publish","format-standard","hentry","category-nacion"],"_links":{"self":[{"href":"https:\/\/plazajuarez.mx\/historico\/wp-json\/wp\/v2\/posts\/32556","targetHints":{"allow":["GET"]}}],"collection":[{"href":"https:\/\/plazajuarez.mx\/historico\/wp-json\/wp\/v2\/posts"}],"about":[{"href":"https:\/\/plazajuarez.mx\/historico\/wp-json\/wp\/v2\/types\/post"}],"author":[{"embeddable":true,"href":"https:\/\/plazajuarez.mx\/historico\/wp-json\/wp\/v2\/users\/93"}],"replies":[{"embeddable":true,"href":"https:\/\/plazajuarez.mx\/historico\/wp-json\/wp\/v2\/comments?post=32556"}],"version-history":[{"count":0,"href":"https:\/\/plazajuarez.mx\/historico\/wp-json\/wp\/v2\/posts\/32556\/revisions"}],"wp:attachment":[{"href":"https:\/\/plazajuarez.mx\/historico\/wp-json\/wp\/v2\/media?parent=32556"}],"wp:term":[{"taxonomy":"category","embeddable":true,"href":"https:\/\/plazajuarez.mx\/historico\/wp-json\/wp\/v2\/categories?post=32556"},{"taxonomy":"post_tag","embeddable":true,"href":"https:\/\/plazajuarez.mx\/historico\/wp-json\/wp\/v2\/tags?post=32556"}],"curies":[{"name":"wp","href":"https:\/\/api.w.org\/{rel}","templated":true}]}}