{"id":32555,"date":"2016-11-29T12:14:37","date_gmt":"2016-11-29T12:14:37","guid":{"rendered":"http:\/\/plazajuarez.mx\/index\/index.php\/2016\/11\/29\/trump-liquidara-el-acuerdo-con-cuba\/"},"modified":"2016-11-29T12:14:37","modified_gmt":"2016-11-29T12:14:37","slug":"trump-liquidara-el-acuerdo-con-cuba","status":"publish","type":"post","link":"https:\/\/plazajuarez.mx\/historico\/trump-liquidara-el-acuerdo-con-cuba\/","title":{"rendered":"Trump liquidar\u00e1 el acuerdo con Cuba"},"content":{"rendered":"<p>Donald tambi\u00e9n enemigo p\u00fablico n\u00famero uno de Cuba <\/p>\n<p>  <!--more-->  <\/p>\n<p>El presidente electo afirma que La Habana debe ofrecer mejores condiciones a cubanos y a EU si quiere mantener la normalizaci\u00f3n de relaciones<br \/>Expertos consideran que aunque Trump ralentice la normalizaci\u00f3n de relaciones e incluso frene algunas medidas, es improbable que vaya a revertir todos los pasos, puesto que supondr\u00eda un golpe fuerte a grandes intereses econ\u00f3micos estadounidenses, desde las grandes aerol\u00edneas -que van a operar hasta 110 vuelos diarios a Cuba antes de fin de a\u00f1o- a los agricultores que tambi\u00e9n presionan por hacer m\u00e1s negocios con la isla<br \/>Donald Trump ha recurrido al lenguaje que mejor conoce, el de los negocios y el de las redes sociales, para lanzar ayer una amenaza a Cuba: si no mejora las condiciones del \u201cacuerdo\u201d por el que Washington y La Habana acercan posiciones desde hace casi dos a\u00f1os, en cuanto asuma la presidencia lo dar\u00e1 por terminado, echando por tierra la normalizaci\u00f3n de relaciones comenzada por Barack Obama hace casi dos a\u00f1os.<br \/>\u201cSi Cuba no se muestra dispuesta a ofrecer un mejor acuerdo para los cubanos, para los cubanoamericanos y para el pueblo estadounidense en general, liquidar\u00e9 el acuerdo\u201d, dijo el presidente electo en un tuit.<br \/>El mensaje en redes sociales coincide con el inicio de tributos en Cuba por la muerte de Fidel Castro y la llegada a La Habana del primer vuelo comercial regular a la capital cubana desde EU en m\u00e1s de medio siglo, un paso m\u00e1s en la normalizaci\u00f3n de relaciones e inversiones en la isla de compa\u00f1\u00edas de EU. Es adem\u00e1s el primer mensaje que lanza Trump sobre la isla desde que el s\u00e1bado se pronunci\u00f3 sobre la muerte del \u201cbrutal dictador\u201d cubano.<br \/>En ese comunicado, tambi\u00e9n promet\u00eda que, como presidente, har\u00e1 lo posible \u201cpara garantizar que los cubanos pueden comenzar de una vez su camino hacia la prosperidad y la libertad\u201d, aunque no lleg\u00f3 a concretar la amenaza que s\u00ed ha formulado ahora. Con todo, tampoco en este nuevo mensaje explica qu\u00e9 estar\u00eda dispuesto a \u201cliquidar\u201d de una creciente relaci\u00f3n en la que tambi\u00e9n est\u00e1n en juego muchos intereses econ\u00f3micos de EU.<br \/>En los casi dos a\u00f1os de cauto acercamiento, Obama ha restablecido las relaciones diplom\u00e1ticas con Cuba, donde ha reabierto su embajada, y el pasado marzo se convirti\u00f3 en el primer presidente estadounidense en casi un siglo en visitar la isla. <br \/>El dem\u00f3crata tambi\u00e9n flexibiliz\u00f3 las condiciones para viajar a la isla, aunque hacer turismo es algo sigue vetado a estadounidenses. M\u00e1s significativos si caben son los cambios en la pol\u00edtica comercial. Aunque Obama no puede eliminar por s\u00ed solo el embargo -que al ser ley es cosa del Congreso-, s\u00ed ha estirado al m\u00e1ximo los l\u00edmites dentro de las normativas para permitir un creciente intercambio comercial con vistas, e incentivar la iniciativa privada en la isla e incentivar lo que numerosas empresas estadounidenses ven como un mercado natural, y sobre todo cercano, para sus productos.<\/p>\n","protected":false},"excerpt":{"rendered":"<p>Donald tambi\u00e9n enemigo p\u00fablico n\u00famero uno de Cuba<\/p>\n","protected":false},"author":93,"featured_media":0,"comment_status":"open","ping_status":"open","sticky":false,"template":"","format":"standard","meta":{"footnotes":""},"categories":[31],"tags":[],"class_list":["post-32555","post","type-post","status-publish","format-standard","hentry","category-orbe"],"_links":{"self":[{"href":"https:\/\/plazajuarez.mx\/historico\/wp-json\/wp\/v2\/posts\/32555","targetHints":{"allow":["GET"]}}],"collection":[{"href":"https:\/\/plazajuarez.mx\/historico\/wp-json\/wp\/v2\/posts"}],"about":[{"href":"https:\/\/plazajuarez.mx\/historico\/wp-json\/wp\/v2\/types\/post"}],"author":[{"embeddable":true,"href":"https:\/\/plazajuarez.mx\/historico\/wp-json\/wp\/v2\/users\/93"}],"replies":[{"embeddable":true,"href":"https:\/\/plazajuarez.mx\/historico\/wp-json\/wp\/v2\/comments?post=32555"}],"version-history":[{"count":0,"href":"https:\/\/plazajuarez.mx\/historico\/wp-json\/wp\/v2\/posts\/32555\/revisions"}],"wp:attachment":[{"href":"https:\/\/plazajuarez.mx\/historico\/wp-json\/wp\/v2\/media?parent=32555"}],"wp:term":[{"taxonomy":"category","embeddable":true,"href":"https:\/\/plazajuarez.mx\/historico\/wp-json\/wp\/v2\/categories?post=32555"},{"taxonomy":"post_tag","embeddable":true,"href":"https:\/\/plazajuarez.mx\/historico\/wp-json\/wp\/v2\/tags?post=32555"}],"curies":[{"name":"wp","href":"https:\/\/api.w.org\/{rel}","templated":true}]}}