{"id":32554,"date":"2016-11-29T12:14:37","date_gmt":"2016-11-29T12:14:37","guid":{"rendered":"http:\/\/plazajuarez.mx\/index\/index.php\/2016\/11\/29\/la-habana-rinde-honores-a-fidel-castro\/"},"modified":"2016-11-29T12:14:37","modified_gmt":"2016-11-29T12:14:37","slug":"la-habana-rinde-honores-a-fidel-castro","status":"publish","type":"post","link":"https:\/\/plazajuarez.mx\/historico\/la-habana-rinde-honores-a-fidel-castro\/","title":{"rendered":"La Habana rinde honores a Fidel Castro"},"content":{"rendered":"<p>Cari\u00f1o de millones que molesta a Occidente<\/p>\n<p>  <!--more-->  <\/p>\n<p>El desfile popular de homenaje al fundador de la Revoluci\u00f3n abri\u00f3 ayer siete d\u00edas de honras f\u00fanebres que cerrar\u00e1n el domingo con su sepultura en Santiago de Cuba<br \/>Este martes el memorial abrir\u00e1 de nuevo al mediod\u00eda y se empezar\u00e1 a organizar la plaza para el momento probablemente sea el momento m\u00e1s abrumador de la semana. A las siete de la noche de hoy comenzar\u00e1 lo que el protocolo del Estado socialista ha anunciado como \u201cun acto de masas\u201d. Cientos de miles de cubanos se apretar\u00e1n en la enorme explanada para darle el \u00faltimo adi\u00f3s a Fidel Castro en la oscuridad de la noche.<br \/>Despu\u00e9s del fin de semana de aton\u00eda que sigui\u00f3 al anuncio del viernes de la muerte de Fidel Castro, Cuba encendi\u00f3 ayer los motores de la despedida final. A las nueve de la ma\u00f1ana se abrieron ayer las puertas del memorial Jos\u00e9 Mart\u00ed, para que el pueblo entrara y rindiera tributo al padre de la Revoluci\u00f3n cubana, incinerado el s\u00e1bado. Se espera que por la ic\u00f3nica Plaza de la Revoluci\u00f3n, donde est\u00e1 el memorial, pasen hoy miles de cubanos. La entrada de gente se prolongar\u00e1 hasta las diez de la noche de manera ininterrumpida.<br \/>La plaza en la que Fidel Castro est\u00e1 siendo despedido es la misma en la que generaciones y generaciones de cubanos escucharon sus legendarias, por poderosas y extenuantes, alocuciones.<br \/>Mientras los primeros cubanos acced\u00edan al memorial retumbaron en La Habana y en Santiago de Cuba, simult\u00e1neamente, 21 salvas de artiller\u00eda disparados por soldados del Batall\u00f3n de Ceremonias de las Fuerzas Armadas Revolucionarias. <br \/>El domingo, d\u00eda del sepelio en Santiago de Cuba, sonar\u00e1 otra vez el mismo n\u00famero salvas en ambas ciudades. Ayer, adem\u00e1s, se lanz\u00f3 en la capital un salva de ca\u00f1\u00f3n cada hora hasta las seis de la tarde.<br \/>El Gobierno decidi\u00f3 posponer para el 2 de enero de 2017 los actos de conmemoraci\u00f3n del desembarco del yate Granma en la costa de Cuba el 2 de diciembre de 1956. El hito de la llegada en barco de Castro con sus rebeldes desde M\u00e9xico, del que se cumplir\u00e1n 60 a\u00f1os.<\/p>\n","protected":false},"excerpt":{"rendered":"<p>Cari\u00f1o de millones que molesta a Occidente<\/p>\n","protected":false},"author":93,"featured_media":0,"comment_status":"open","ping_status":"open","sticky":false,"template":"","format":"standard","meta":{"footnotes":""},"categories":[31],"tags":[],"class_list":["post-32554","post","type-post","status-publish","format-standard","hentry","category-orbe"],"_links":{"self":[{"href":"https:\/\/plazajuarez.mx\/historico\/wp-json\/wp\/v2\/posts\/32554","targetHints":{"allow":["GET"]}}],"collection":[{"href":"https:\/\/plazajuarez.mx\/historico\/wp-json\/wp\/v2\/posts"}],"about":[{"href":"https:\/\/plazajuarez.mx\/historico\/wp-json\/wp\/v2\/types\/post"}],"author":[{"embeddable":true,"href":"https:\/\/plazajuarez.mx\/historico\/wp-json\/wp\/v2\/users\/93"}],"replies":[{"embeddable":true,"href":"https:\/\/plazajuarez.mx\/historico\/wp-json\/wp\/v2\/comments?post=32554"}],"version-history":[{"count":0,"href":"https:\/\/plazajuarez.mx\/historico\/wp-json\/wp\/v2\/posts\/32554\/revisions"}],"wp:attachment":[{"href":"https:\/\/plazajuarez.mx\/historico\/wp-json\/wp\/v2\/media?parent=32554"}],"wp:term":[{"taxonomy":"category","embeddable":true,"href":"https:\/\/plazajuarez.mx\/historico\/wp-json\/wp\/v2\/categories?post=32554"},{"taxonomy":"post_tag","embeddable":true,"href":"https:\/\/plazajuarez.mx\/historico\/wp-json\/wp\/v2\/tags?post=32554"}],"curies":[{"name":"wp","href":"https:\/\/api.w.org\/{rel}","templated":true}]}}